{"id":15752,"date":"2022-11-02T16:21:04","date_gmt":"2022-11-02T16:21:04","guid":{"rendered":"http:\/\/lahora.mx\/?p=15752"},"modified":"2022-11-02T16:21:05","modified_gmt":"2022-11-02T16:21:05","slug":"asesinan-a-taquero-en-jardines-de-san-manuel-puebla","status":"publish","type":"post","link":"https:\/\/lahora.mx\/index.php\/2022\/11\/02\/asesinan-a-taquero-en-jardines-de-san-manuel-puebla\/","title":{"rendered":"Asesinan a taquero en Jardines de San Manuel, Puebla"},"content":{"rendered":"\n<p>Un taquero fue asesinado por impacto de bala en la colonia Jardines de San Manuel; aunque vecinos aseguraron que se trat\u00f3 de un intento de asalto, autoridades policiacas aseveraron que todo deriv\u00f3 de una supuesta ri\u00f1a.<\/p>\n\n\n\n<p>El hecho fue reportado la noche del 1 de noviembre sobre Circunvalaci\u00f3n y R\u00edo Grijalva a las 21:40 horas.<br>De manera inicial se inform\u00f3 que el var\u00f3n de alrededor de 30 a\u00f1os de edad, solo se encontraba herido y que ser\u00eda llevado al hospital de Traumatolog\u00eda y Ortopedia del Sector Salud.<\/p>\n\n\n\n<p>Sin embargo tiempo despu\u00e9s se dio a conocer que el hombre no alcanz\u00f3 a ser llevado al centro m\u00e9dico y muri\u00f3 debido a los impactos de bala que recibi\u00f3.<br>El responsable escap\u00f3 de la zona, donde vecinos manifestaron que todo deriv\u00f3 de un intento de asalto, aunque para las autoridades policiacas del municipio se trat\u00f3 de una ri\u00f1a.<\/p>\n\n\n\n<p>Agentes ministeriales y peritos de la Fiscal\u00eda General del Estado de Puebla (FGE) se encargaron de las diligencias del levantamiento de cad\u00e1ver el cual fue llevado a la morgue.<\/p>\n\n\n\n<p>El asesinato del taquero en Jardines de San Manuel ya es investigado por las autoridades ministeriales a fin de ubicar a los responsables.<\/p>\n","protected":false},"excerpt":{"rendered":"<p>Un taquero fue asesinado por impacto de bala en la colonia Jardines de San Manuel; aunque vecinos aseguraron que se trat\u00f3 de un intento de asalto, autoridades policiacas aseveraron que todo deriv\u00f3 de una supuesta ri\u00f1a. El hecho fue reportado la noche del 1 de noviembre sobre Circunvalaci\u00f3n y R\u00edo Grijalva a las 21:40 horas.De [&hellip;]<\/p>\n","protected":false},"author":4,"featured_media":15753,"comment_status":"open","ping_status":"open","sticky":false,"template":"","format":"standard","meta":{"om_disable_all_campaigns":false,"_monsterinsights_skip_tracking":false,"_monsterinsights_sitenote_active":false,"_monsterinsights_sitenote_note":"","_monsterinsights_sitenote_category":0,"footnotes":""},"categories":[175,226],"tags":[195,223],"class_list":["post-15752","post","type-post","status-publish","format-standard","has-post-thumbnail","hentry","category-local","category-policia","tag-principal","tag-puebla"],"amp_enabled":true,"_links":{"self":[{"href":"https:\/\/lahora.mx\/index.php\/wp-json\/wp\/v2\/posts\/15752","targetHints":{"allow":["GET"]}}],"collection":[{"href":"https:\/\/lahora.mx\/index.php\/wp-json\/wp\/v2\/posts"}],"about":[{"href":"https:\/\/lahora.mx\/index.php\/wp-json\/wp\/v2\/types\/post"}],"author":[{"embeddable":true,"href":"https:\/\/lahora.mx\/index.php\/wp-json\/wp\/v2\/users\/4"}],"replies":[{"embeddable":true,"href":"https:\/\/lahora.mx\/index.php\/wp-json\/wp\/v2\/comments?post=15752"}],"version-history":[{"count":1,"href":"https:\/\/lahora.mx\/index.php\/wp-json\/wp\/v2\/posts\/15752\/revisions"}],"predecessor-version":[{"id":15754,"href":"https:\/\/lahora.mx\/index.php\/wp-json\/wp\/v2\/posts\/15752\/revisions\/15754"}],"wp:featuredmedia":[{"embeddable":true,"href":"https:\/\/lahora.mx\/index.php\/wp-json\/wp\/v2\/media\/15753"}],"wp:attachment":[{"href":"https:\/\/lahora.mx\/index.php\/wp-json\/wp\/v2\/media?parent=15752"}],"wp:term":[{"taxonomy":"category","embeddable":true,"href":"https:\/\/lahora.mx\/index.php\/wp-json\/wp\/v2\/categories?post=15752"},{"taxonomy":"post_tag","embeddable":true,"href":"https:\/\/lahora.mx\/index.php\/wp-json\/wp\/v2\/tags?post=15752"}],"curies":[{"name":"wp","href":"https:\/\/api.w.org\/{rel}","templated":true}]}}