{"id":15749,"date":"2022-11-02T02:20:29","date_gmt":"2022-11-02T02:20:29","guid":{"rendered":"http:\/\/lahora.mx\/?p=15749"},"modified":"2022-11-02T02:20:30","modified_gmt":"2022-11-02T02:20:30","slug":"recibe-parque-xcaret-la-cultura-tlaxcalteca-conozcan-la-belleza-de-tlaxcala-menciona-la-gobernadora-lorena-cuellar","status":"publish","type":"post","link":"https:\/\/lahora.mx\/index.php\/2022\/11\/02\/recibe-parque-xcaret-la-cultura-tlaxcalteca-conozcan-la-belleza-de-tlaxcala-menciona-la-gobernadora-lorena-cuellar\/","title":{"rendered":"Recibe Parque Xcaret la cultura tlaxcalteca; conozcan la belleza de Tlaxcala, menciona la gobernadora Lorena Cu\u00e9llar"},"content":{"rendered":"\n<p>La cultura de Tlaxcala brilla en uno de los destinos tur\u00edsticos m\u00e1s importantes de Am\u00e9rica Latina, con su presencia en el Festival de Tradiciones de Vida y Muerte en el Parque Xcaret en la Riviera Maya, el cual inaugur\u00f3 este domingo la gobernadora Lorena Cu\u00e9llar Cisneros y autoridades de Quintana Roo.<\/p>\n\n\n\n<p>Al son del carnaval, Quintana Roo baila \u201ca la tlaxcalteca\u201d<br>En el foro al aire libre del Parque Xcaret y ante la presencia de cientos de turistas nacionales y extranjeros, la gobernadora Lorena Cu\u00e9llar afirm\u00f3 que con la presencia de Tlaxcala en este tipo de eventos, su administraci\u00f3n se ha dado a la tarea de que nuestro estado sea reconocido en todo el mundo. Tlaxcala s\u00ed existe y por eso hoy estamos aqu\u00ed en Xcaret, en este lugar m\u00e1gico para dar a conocer todas las maravillas que tiene.<\/p>\n\n\n\n<p>Cu\u00e9llar Cisneros destac\u00f3 la presencia de 280 representantes de nuestro estado de 20 municipios, entre artesanos, productores, artistas, cocineras tradicionales y chefs, quienes durante cuatro d\u00edas mostrar\u00e1n en este festival la riqueza art\u00edstica y gastron\u00f3mica que ofrece la entidad.<\/p>\n\n\n\n<p>La gobernadora Lorena Cu\u00e9llar Cisneros y autoridades de Quintana Roo inauguraron el Festival de Tradiciones de Vida y Muerte. Gibran Espinoza | El Sol de Tlaxcala<br>Visiten pronto Tlaxcala; ver\u00e1n todos los grandes atractivos de nuestra cultura y tradiciones y el gran amor de su gente, que es lo m\u00e1s valioso que tiene, resalt\u00f3 la gobernadora. En representaci\u00f3n de la mandataria de Quintana Roo, Mara Lezama Espinosa, asisti\u00f3 el director ejecutivo del Consejo de Promoci\u00f3n Tur\u00edstica de Quintana Roo, Jorge Luis T\u00e9llez, quien celebr\u00f3 el hermanamiento entre ambas entidades a trav\u00e9s del trabajo en materia de turismo.<\/p>\n\n\n\n<p>Esta es una viva prueba de que podemos promocionar la grandeza de M\u00e9xico, mencion\u00f3 el funcionario quintanarroense.<\/p>\n\n\n\n<p>En su intervenci\u00f3n, la secretaria de Turismo de Tlaxcala, Josefina Rodr\u00edguez Zamora, agradeci\u00f3 a Quintana Roo y al grupo Xcaret por abrirle la puerta a la cultura de nuestra entidad. \u201cHa sido un gran reto y un logro hacer posible este evento, el cual muestra que la uni\u00f3n de voluntades hace posible esta experiencia \u00fanica\u201d, mencion\u00f3 la secretaria de Turismo.<\/p>\n\n\n\n<p>Con el arranque de este Festival de Tradiciones de Vida y Muerte, se espera que m\u00e1s de 50 mil personas disfruten de la comida, danzas, m\u00fasica, arte y artesan\u00edas que se presentar\u00e1n en los 15 foros con los que cuenta el parque Xcaret.<\/p>\n\n\n\n<p>En el foro al aire libre del Parque Xcaret, la Gobernadora habl\u00f3 de las maravillas que tiene la entidad. Gibran Espinoza <\/p>\n\n\n\n<p>Entre las primeras actividades que formaron parte del primer d\u00eda del Festival de Tradiciones de Vida y Muerte estuvieron la presentaci\u00f3n de La Catrina de Tlaxcala con leyendas del ma\u00edz, as\u00ed como la ejecuci\u00f3n de bailes de carnaval a cargo de danzantes de Chiautempan, Totolac, Papalotla y Tetla de la Solidaridad.<\/p>\n","protected":false},"excerpt":{"rendered":"<p>La cultura de Tlaxcala brilla en uno de los destinos tur\u00edsticos m\u00e1s importantes de Am\u00e9rica Latina, con su presencia en el Festival de Tradiciones de Vida y Muerte en el Parque Xcaret en la Riviera Maya, el cual inaugur\u00f3 este domingo la gobernadora Lorena Cu\u00e9llar Cisneros y autoridades de Quintana Roo. Al son del carnaval, [&hellip;]<\/p>\n","protected":false},"author":4,"featured_media":15750,"comment_status":"open","ping_status":"open","sticky":false,"template":"","format":"standard","meta":{"om_disable_all_campaigns":false,"_monsterinsights_skip_tracking":false,"_monsterinsights_sitenote_active":false,"_monsterinsights_sitenote_note":"","_monsterinsights_sitenote_category":0,"footnotes":""},"categories":[175],"tags":[223,210],"class_list":["post-15749","post","type-post","status-publish","format-standard","has-post-thumbnail","hentry","category-local","tag-puebla","tag-tlaxcala"],"amp_enabled":true,"_links":{"self":[{"href":"https:\/\/lahora.mx\/index.php\/wp-json\/wp\/v2\/posts\/15749","targetHints":{"allow":["GET"]}}],"collection":[{"href":"https:\/\/lahora.mx\/index.php\/wp-json\/wp\/v2\/posts"}],"about":[{"href":"https:\/\/lahora.mx\/index.php\/wp-json\/wp\/v2\/types\/post"}],"author":[{"embeddable":true,"href":"https:\/\/lahora.mx\/index.php\/wp-json\/wp\/v2\/users\/4"}],"replies":[{"embeddable":true,"href":"https:\/\/lahora.mx\/index.php\/wp-json\/wp\/v2\/comments?post=15749"}],"version-history":[{"count":1,"href":"https:\/\/lahora.mx\/index.php\/wp-json\/wp\/v2\/posts\/15749\/revisions"}],"predecessor-version":[{"id":15751,"href":"https:\/\/lahora.mx\/index.php\/wp-json\/wp\/v2\/posts\/15749\/revisions\/15751"}],"wp:featuredmedia":[{"embeddable":true,"href":"https:\/\/lahora.mx\/index.php\/wp-json\/wp\/v2\/media\/15750"}],"wp:attachment":[{"href":"https:\/\/lahora.mx\/index.php\/wp-json\/wp\/v2\/media?parent=15749"}],"wp:term":[{"taxonomy":"category","embeddable":true,"href":"https:\/\/lahora.mx\/index.php\/wp-json\/wp\/v2\/categories?post=15749"},{"taxonomy":"post_tag","embeddable":true,"href":"https:\/\/lahora.mx\/index.php\/wp-json\/wp\/v2\/tags?post=15749"}],"curies":[{"name":"wp","href":"https:\/\/api.w.org\/{rel}","templated":true}]}}