{"id":15737,"date":"2022-11-02T01:59:46","date_gmt":"2022-11-02T01:59:46","guid":{"rendered":"http:\/\/lahora.mx\/?p=15737"},"modified":"2022-11-02T01:59:47","modified_gmt":"2022-11-02T01:59:47","slug":"realiza-direccion-de-seguridad-publica-de-huamantla-operativo-de-seguridad-en-panteones-municipales","status":"publish","type":"post","link":"https:\/\/lahora.mx\/index.php\/2022\/11\/02\/realiza-direccion-de-seguridad-publica-de-huamantla-operativo-de-seguridad-en-panteones-municipales\/","title":{"rendered":"Realiza Direcci\u00f3n de seguridad p\u00fablica de Huamantla operativo de seguridad en panteones municipales"},"content":{"rendered":"\n<ul class=\"wp-block-list\"><li>Personal de seguridad p\u00fablica realizan recorridos a pie por los panteones municipales de Jes\u00fas y de Santa Anita.<\/li><li>Los cuales estar\u00e1n abiertos de 7 a 17 horas.<\/li><\/ul>\n\n\n\n<p>Elementos de la Direcci\u00f3n de Seguridad P\u00fablica de Huamantla, desplegaron operativo de prevenci\u00f3n y vigilancia en las inmediaciones de los panteones municipales para brindar tranquilidad y orden p\u00fablico durante las festividades de D\u00eda de Muertos.<\/p>\n\n\n\n<p>Por ello, a trav\u00e9s del personal de Tr\u00e1nsito municipal, se brinda apoyo vial en las v\u00edas de comunicaci\u00f3n que conducen a estos lugares para que visitantes y conductores circulen con mayor seguridad.<\/p>\n\n\n\n<figure class=\"wp-block-image size-full\"><img fetchpriority=\"high\" decoding=\"async\" width=\"968\" height=\"650\" src=\"https:\/\/lahora.mx\/wp-content\/uploads\/2022\/11\/Captura-de-pantalla-2022-11-01-a-las-19.58.16.png\" alt=\"\" class=\"wp-image-15738\" srcset=\"https:\/\/lahora.mx\/wp-content\/uploads\/2022\/11\/Captura-de-pantalla-2022-11-01-a-las-19.58.16.png 968w, https:\/\/lahora.mx\/wp-content\/uploads\/2022\/11\/Captura-de-pantalla-2022-11-01-a-las-19.58.16-300x201.png 300w, https:\/\/lahora.mx\/wp-content\/uploads\/2022\/11\/Captura-de-pantalla-2022-11-01-a-las-19.58.16-768x516.png 768w\" sizes=\"(max-width: 968px) 100vw, 968px\" \/><\/figure>\n\n\n\n<p>De igual manera, elementos de la Coordinaci\u00f3n de Protecci\u00f3n Civil, atienden a personas que presentaron algunos cuadros de insolaci\u00f3n, as\u00ed como aquellas que han sufrido alg\u00fan percance menor durante la limpieza de las tumbas que visitan.<\/p>\n\n\n\n<p>Finalmente, la Direcci\u00f3n de Seguridad P\u00fablica de Huamantla, informa que mantendr\u00e1 este operativo de prevenci\u00f3n y vigilancia durante el 1 y 2 de noviembre, a fin de resguardar el orden y la paz social durante estas festividades.<\/p>\n","protected":false},"excerpt":{"rendered":"<p>Personal de seguridad p\u00fablica realizan recorridos a pie por los panteones municipales de Jes\u00fas y de Santa Anita. Los cuales estar\u00e1n abiertos de 7 a 17 horas. Elementos de la Direcci\u00f3n de Seguridad P\u00fablica de Huamantla, desplegaron operativo de prevenci\u00f3n y vigilancia en las inmediaciones de los panteones municipales para brindar tranquilidad y orden p\u00fablico [&hellip;]<\/p>\n","protected":false},"author":4,"featured_media":15740,"comment_status":"open","ping_status":"open","sticky":false,"template":"","format":"standard","meta":{"om_disable_all_campaigns":false,"_monsterinsights_skip_tracking":false,"_monsterinsights_sitenote_active":false,"_monsterinsights_sitenote_note":"","_monsterinsights_sitenote_category":0,"footnotes":""},"categories":[175],"tags":[223],"class_list":["post-15737","post","type-post","status-publish","format-standard","has-post-thumbnail","hentry","category-local","tag-puebla"],"amp_enabled":true,"_links":{"self":[{"href":"https:\/\/lahora.mx\/index.php\/wp-json\/wp\/v2\/posts\/15737","targetHints":{"allow":["GET"]}}],"collection":[{"href":"https:\/\/lahora.mx\/index.php\/wp-json\/wp\/v2\/posts"}],"about":[{"href":"https:\/\/lahora.mx\/index.php\/wp-json\/wp\/v2\/types\/post"}],"author":[{"embeddable":true,"href":"https:\/\/lahora.mx\/index.php\/wp-json\/wp\/v2\/users\/4"}],"replies":[{"embeddable":true,"href":"https:\/\/lahora.mx\/index.php\/wp-json\/wp\/v2\/comments?post=15737"}],"version-history":[{"count":1,"href":"https:\/\/lahora.mx\/index.php\/wp-json\/wp\/v2\/posts\/15737\/revisions"}],"predecessor-version":[{"id":15741,"href":"https:\/\/lahora.mx\/index.php\/wp-json\/wp\/v2\/posts\/15737\/revisions\/15741"}],"wp:featuredmedia":[{"embeddable":true,"href":"https:\/\/lahora.mx\/index.php\/wp-json\/wp\/v2\/media\/15740"}],"wp:attachment":[{"href":"https:\/\/lahora.mx\/index.php\/wp-json\/wp\/v2\/media?parent=15737"}],"wp:term":[{"taxonomy":"category","embeddable":true,"href":"https:\/\/lahora.mx\/index.php\/wp-json\/wp\/v2\/categories?post=15737"},{"taxonomy":"post_tag","embeddable":true,"href":"https:\/\/lahora.mx\/index.php\/wp-json\/wp\/v2\/tags?post=15737"}],"curies":[{"name":"wp","href":"https:\/\/api.w.org\/{rel}","templated":true}]}}