{"id":15727,"date":"2022-11-02T01:37:49","date_gmt":"2022-11-02T01:37:49","guid":{"rendered":"http:\/\/lahora.mx\/?p=15727"},"modified":"2022-11-02T01:37:51","modified_gmt":"2022-11-02T01:37:51","slug":"116-mil-vacunas-para-prevenir-el-vph-llegan-a-puebla","status":"publish","type":"post","link":"https:\/\/lahora.mx\/index.php\/2022\/11\/02\/116-mil-vacunas-para-prevenir-el-vph-llegan-a-puebla\/","title":{"rendered":"116 mil vacunas para prevenir el VPH: llegan a Puebla"},"content":{"rendered":"\n<p>La Secretar\u00eda de Salud recibi\u00f3 116 mil vacunas para prevenir el Virus del Papiloma Humano (VPH), las cuales ser\u00e1n aplicadas a la poblaci\u00f3n no escolarizada y que tenga entre 13 y 14 a\u00f1os cumplidos, inform\u00f3 el secretario de Salud, Jos\u00e9 Antonio Mart\u00ednez Garc\u00eda.<\/p>\n\n\n\n<p>Exhort\u00f3 a las madres y padres de familia para que est\u00e9n al pendiente, al se\u00f1alar que la aplicaci\u00f3n ser\u00e1 del 21 de noviembre al 09 de diciembre; la dependencia est\u00e1 a la espera de los lineamientos de la federaci\u00f3n.<\/p>\n\n\n\n<p>Respecto al reporte epidemiol\u00f3gico de la COVID-19, detall\u00f3 que, en las \u00faltimas 24 horas, el estado registr\u00f3 cuatro nuevos contagios y ninguna defunci\u00f3n por el virus.<br>Durante la videoconferencia de prensa con el gobernador Miguel Barbosa Huerta, el titular de la dependencia puntualiz\u00f3 que hay cuatro personas hospitalizadas por la COVID-19 y ninguna requiere de ventilaci\u00f3n mec\u00e1nica asistida.<br>Por \u00faltimo, report\u00f3 que hay 119 casos activos, entre ambulatorios y hospitalizados, distribuidos en siete municipios.<\/p>\n","protected":false},"excerpt":{"rendered":"<p>La Secretar\u00eda de Salud recibi\u00f3 116 mil vacunas para prevenir el Virus del Papiloma Humano (VPH), las cuales ser\u00e1n aplicadas a la poblaci\u00f3n no escolarizada y que tenga entre 13 y 14 a\u00f1os cumplidos, inform\u00f3 el secretario de Salud, Jos\u00e9 Antonio Mart\u00ednez Garc\u00eda. Exhort\u00f3 a las madres y padres de familia para que est\u00e9n al [&hellip;]<\/p>\n","protected":false},"author":4,"featured_media":15728,"comment_status":"open","ping_status":"open","sticky":false,"template":"","format":"standard","meta":{"om_disable_all_campaigns":false,"_monsterinsights_skip_tracking":false,"_monsterinsights_sitenote_active":false,"_monsterinsights_sitenote_note":"","_monsterinsights_sitenote_category":0,"footnotes":""},"categories":[175],"tags":[195,223],"class_list":["post-15727","post","type-post","status-publish","format-standard","has-post-thumbnail","hentry","category-local","tag-principal","tag-puebla"],"amp_enabled":true,"_links":{"self":[{"href":"https:\/\/lahora.mx\/index.php\/wp-json\/wp\/v2\/posts\/15727","targetHints":{"allow":["GET"]}}],"collection":[{"href":"https:\/\/lahora.mx\/index.php\/wp-json\/wp\/v2\/posts"}],"about":[{"href":"https:\/\/lahora.mx\/index.php\/wp-json\/wp\/v2\/types\/post"}],"author":[{"embeddable":true,"href":"https:\/\/lahora.mx\/index.php\/wp-json\/wp\/v2\/users\/4"}],"replies":[{"embeddable":true,"href":"https:\/\/lahora.mx\/index.php\/wp-json\/wp\/v2\/comments?post=15727"}],"version-history":[{"count":1,"href":"https:\/\/lahora.mx\/index.php\/wp-json\/wp\/v2\/posts\/15727\/revisions"}],"predecessor-version":[{"id":15729,"href":"https:\/\/lahora.mx\/index.php\/wp-json\/wp\/v2\/posts\/15727\/revisions\/15729"}],"wp:featuredmedia":[{"embeddable":true,"href":"https:\/\/lahora.mx\/index.php\/wp-json\/wp\/v2\/media\/15728"}],"wp:attachment":[{"href":"https:\/\/lahora.mx\/index.php\/wp-json\/wp\/v2\/media?parent=15727"}],"wp:term":[{"taxonomy":"category","embeddable":true,"href":"https:\/\/lahora.mx\/index.php\/wp-json\/wp\/v2\/categories?post=15727"},{"taxonomy":"post_tag","embeddable":true,"href":"https:\/\/lahora.mx\/index.php\/wp-json\/wp\/v2\/tags?post=15727"}],"curies":[{"name":"wp","href":"https:\/\/api.w.org\/{rel}","templated":true}]}}