{"id":15721,"date":"2022-11-02T01:31:04","date_gmt":"2022-11-02T01:31:04","guid":{"rendered":"http:\/\/lahora.mx\/?p=15721"},"modified":"2022-11-02T01:31:05","modified_gmt":"2022-11-02T01:31:05","slug":"dos-muertos-tras-balacera-en-costco-puebla","status":"publish","type":"post","link":"https:\/\/lahora.mx\/index.php\/2022\/11\/02\/dos-muertos-tras-balacera-en-costco-puebla\/","title":{"rendered":"Dos muertos tras balacera en Costco Puebla"},"content":{"rendered":"\n<p>Este martes  se desato una balacera en el estacionamiento de Costco dej\u00f3 como saldo a dos personas sin vida.<\/p>\n\n\n\n<p>Al momento se desconoce cu\u00e1l fue el origen del ataque armado y elementos de la SSP Puebla se encuentran acordonando la zona.<\/p>\n\n\n\n<p>Param\u00e9dicos atendieron a una persona herida la cual muri\u00f3 minutos despu\u00e9s cuando era trasladada a un hospital, mientras que la otra v\u00edctima fue hallada dentro de una camioneta negra.<\/p>\n","protected":false},"excerpt":{"rendered":"<p>Este martes se desato una balacera en el estacionamiento de Costco dej\u00f3 como saldo a dos personas sin vida. Al momento se desconoce cu\u00e1l fue el origen del ataque armado y elementos de la SSP Puebla se encuentran acordonando la zona. Param\u00e9dicos atendieron a una persona herida la cual muri\u00f3 minutos despu\u00e9s cuando era trasladada [&hellip;]<\/p>\n","protected":false},"author":4,"featured_media":15722,"comment_status":"open","ping_status":"open","sticky":false,"template":"","format":"standard","meta":{"om_disable_all_campaigns":false,"_monsterinsights_skip_tracking":false,"_monsterinsights_sitenote_active":false,"_monsterinsights_sitenote_note":"","_monsterinsights_sitenote_category":0,"footnotes":""},"categories":[175],"tags":[195],"class_list":["post-15721","post","type-post","status-publish","format-standard","has-post-thumbnail","hentry","category-local","tag-principal"],"amp_enabled":true,"_links":{"self":[{"href":"https:\/\/lahora.mx\/index.php\/wp-json\/wp\/v2\/posts\/15721","targetHints":{"allow":["GET"]}}],"collection":[{"href":"https:\/\/lahora.mx\/index.php\/wp-json\/wp\/v2\/posts"}],"about":[{"href":"https:\/\/lahora.mx\/index.php\/wp-json\/wp\/v2\/types\/post"}],"author":[{"embeddable":true,"href":"https:\/\/lahora.mx\/index.php\/wp-json\/wp\/v2\/users\/4"}],"replies":[{"embeddable":true,"href":"https:\/\/lahora.mx\/index.php\/wp-json\/wp\/v2\/comments?post=15721"}],"version-history":[{"count":1,"href":"https:\/\/lahora.mx\/index.php\/wp-json\/wp\/v2\/posts\/15721\/revisions"}],"predecessor-version":[{"id":15723,"href":"https:\/\/lahora.mx\/index.php\/wp-json\/wp\/v2\/posts\/15721\/revisions\/15723"}],"wp:featuredmedia":[{"embeddable":true,"href":"https:\/\/lahora.mx\/index.php\/wp-json\/wp\/v2\/media\/15722"}],"wp:attachment":[{"href":"https:\/\/lahora.mx\/index.php\/wp-json\/wp\/v2\/media?parent=15721"}],"wp:term":[{"taxonomy":"category","embeddable":true,"href":"https:\/\/lahora.mx\/index.php\/wp-json\/wp\/v2\/categories?post=15721"},{"taxonomy":"post_tag","embeddable":true,"href":"https:\/\/lahora.mx\/index.php\/wp-json\/wp\/v2\/tags?post=15721"}],"curies":[{"name":"wp","href":"https:\/\/api.w.org\/{rel}","templated":true}]}}