{"id":15710,"date":"2022-10-21T17:46:00","date_gmt":"2022-10-21T17:46:00","guid":{"rendered":"http:\/\/lahora.mx\/?p=15710"},"modified":"2022-11-01T17:54:09","modified_gmt":"2022-11-01T17:54:09","slug":"se-suma-congreso-de-puebla-a-aprobacion-de-la-guardia-nacional-hasta-2028","status":"publish","type":"post","link":"https:\/\/lahora.mx\/index.php\/2022\/10\/21\/se-suma-congreso-de-puebla-a-aprobacion-de-la-guardia-nacional-hasta-2028\/","title":{"rendered":"Se suma Congreso de Puebla a aprobaci\u00f3n de la Guardia Nacional hasta 2028"},"content":{"rendered":"\n<p>El Pleno de la LXI Legislatura del Congreso del Estado aprob\u00f3, por mayor\u00eda de votos, la iniciativa por la que se reforman, adicionan y derogan diversas disposiciones de la Constituci\u00f3n Pol\u00edtica de los Estados Unidos Mexicanos, en materia de Guardia Nacional que remiti\u00f3 la C\u00e1mara de Diputados y tiene como principal objetivo fortalecer la seguridad, garantizar que se proteja la vida, las libertades, la integridad y el patrimonio de la ciudadan\u00eda, siempre respetando los derechos humanos.<\/p>\n\n\n\n<p>Una vez que entre en vigor, el Ejecutivo Federal podr\u00e1 disponer de las Fuerzas Armadas en tareas de seguridad p\u00fablica hasta 2028, mientras se desarrolla la estructura de la Guardia Nacional; adem\u00e1s, se especifica que con la participaci\u00f3n de las Fuerzas Armadas en tareas de seguridad no se pretende sustituir a las autoridades civiles de otros \u00f3rdenes de gobierno en el cumplimiento de sus funciones, \u00fanicamente actuar\u00e1n cuando sea necesario.<\/p>\n\n\n\n<p>Como parte de la discusi\u00f3n, la diputada M\u00f3nica Silva Ruiz, presidenta de la Comisi\u00f3n de Gobernaci\u00f3n y Puntos Constitucionales, expres\u00f3 que para la participaci\u00f3n de la Fuerza Armada en tareas de seguridad p\u00fablica en el pa\u00eds deber\u00e1 capacitarse en la doctrina policial civil, pero adem\u00e1s dicha participaci\u00f3n ser\u00e1 acorde a los criterios que la Suprema Corte de Justicia de la Naci\u00f3n; asimismo, refiri\u00f3 que M\u00e9xico necesita la uni\u00f3n de la construcci\u00f3n de la paz, para avanzar en contra de la delincuencia e inseguridad y expuso que esta instituci\u00f3n participar\u00e1 como auxiliar y no como sustituto de las funciones de las polic\u00edas de los tres \u00f3rdenes de gobierno.<\/p>\n\n\n\n<p>Por su parte, la diputada Guadalupe Leal Rodr\u00edguez calific\u00f3 como carente de fondo y an\u00e1lisis esta reforma, por lo que consider\u00f3 la necesidad de que fuera fortalecida. Al hacer uso de la palabra la diputada Daniela Mier Ba\u00f1uelos expres\u00f3 que el dictamen no tiene que ver con la militarizaci\u00f3n del pa\u00eds, sino con que las fuerzas armadas cumplan con la obligaci\u00f3n de proteger y salvaguardar la integridad de la ciudadan\u00eda en coordinaci\u00f3n con las polic\u00edas municipales, estatales y federal.<\/p>\n\n\n\n<p>Mientras que el diputado Fernando Morales Mart\u00ednez expuso una tercera v\u00eda para combatir la violencia y la impunidad para acabar con la violencia y generar una cultura de paz, mediante acciones como la profesionalizaci\u00f3n de las polic\u00edas y prevenir delitos sin criminalizar. La diputada Tonantzin Fern\u00e1ndez D\u00edaz, por otro lado, expres\u00f3 que esta reforma tiene que ver con la implementaci\u00f3n de las fuerzas armadas p\u00fablicas, como pieza clave, hasta en 2028 para garantizar la pacificaci\u00f3n en las comunidades m\u00e1s desarrolladas y en las m\u00e1s marginadas.<\/p>\n\n\n\n<p>En tanto que la diputada Aurora Sierra Rodr\u00edguez expuso que la aprobaci\u00f3n de esta reforma representa un retroceso y no es de preocupaci\u00f3n menor que no se garantice la seguridad. Como parte de la discusi\u00f3n la diputada Xel Arianna Hern\u00e1ndez Garc\u00eda, se pronunci\u00f3 porque las polic\u00edas de los tres \u00f3rdenes de gobierno sean apoyadas por las Fuerzas Armadas como una medida provisional; asimismo, se\u00f1al\u00f3 que est\u00e1 iniciativa cuenta con candados legales que son brindados por la Suprema Corte de Justicia de la Naci\u00f3n.<\/p>\n\n\n\n<p>Por su parte, la diputada M\u00f3nica Rodr\u00edguez Della Vecchia consider\u00f3 que la funci\u00f3n del Ej\u00e9rcito Mexicano es defender al estado de amenazas graves y la mayor\u00eda de los delitos en el estado son del fuero com\u00fan. Asimismo, la diputada Azucena Rosas Tapia, precis\u00f3 que se podr\u00e1 vigilar el cumplimiento de las reformas mediante procesos de fiscalizaci\u00f3n.<\/p>\n\n\n\n<figure class=\"wp-block-image size-large\"><img fetchpriority=\"high\" decoding=\"async\" width=\"1024\" height=\"586\" src=\"https:\/\/lahora.mx\/wp-content\/uploads\/2022\/11\/Captura-de-pantalla-2022-11-01-a-las-11.54.10-1024x586.png\" alt=\"\" class=\"wp-image-15712\" srcset=\"https:\/\/lahora.mx\/wp-content\/uploads\/2022\/11\/Captura-de-pantalla-2022-11-01-a-las-11.54.10-1024x586.png 1024w, https:\/\/lahora.mx\/wp-content\/uploads\/2022\/11\/Captura-de-pantalla-2022-11-01-a-las-11.54.10-300x172.png 300w, https:\/\/lahora.mx\/wp-content\/uploads\/2022\/11\/Captura-de-pantalla-2022-11-01-a-las-11.54.10-768x440.png 768w, https:\/\/lahora.mx\/wp-content\/uploads\/2022\/11\/Captura-de-pantalla-2022-11-01-a-las-11.54.10.png 1092w\" sizes=\"(max-width: 1024px) 100vw, 1024px\" \/><\/figure>\n\n\n\n<p>Al hacer uso de la palabra, el diputado Oswaldo Jim\u00e9nez L\u00f3pez se\u00f1al\u00f3 que la funci\u00f3n del Ej\u00e9rcito Mexicano es defender al pa\u00eds y el de las polic\u00edas municipales es cuidar de la ciudadan\u00eda, por lo que dijo que no habr\u00e1 resultados diferentes. Al subir a Tribuna, el diputado Iv\u00e1n Herrera Villag\u00f3mez, explic\u00f3 que la reforma es esencialmente para satisfacer una de las demandas m\u00e1s sentidas de la poblaci\u00f3n como es la seguridad.<\/p>\n\n\n\n<p>En tanto que el diputado Eduardo Alc\u00e1ntara Montiel, mencion\u00f3 que la Guardia Nacional y el Ej\u00e9rcito deben de estar apegados a la Constituci\u00f3n. Por su parte, el diputado Carlos Evangelista Aniceto, coment\u00f3 que mediante estas reformas buscan beneficiar a la ciudadan\u00eda y el diputado Jos\u00e9 Antonio L\u00f3pez Ruiz, se\u00f1al\u00f3 que la Guardia Nacional realizar\u00e1 tareas de seguridad p\u00fablica de manera regulada, reglamentada y por un plazo determinado.<\/p>\n\n\n\n<p>Como parte de estas exposiciones el diputado N\u00e9stor Camarillo Medina, reconoci\u00f3 el debate que se llev\u00f3 a cabo en el Congreso del Estado como parte de esta aprobaci\u00f3n y expres\u00f3 que la permanencia de las Fuerzas Armadas tiene que seguir en el pa\u00eds.<\/p>\n\n\n\n<p>Finalmente, en el marco de la discusi\u00f3n de esta iniciativa, la diputada Yolanda G\u00e1mez Mendoza respald\u00f3 la propuesta con la finalidad de fortalecer la seguridad en el pa\u00eds, mientras que la legisladora Ruth Z\u00e1rate Dom\u00ednguez, precis\u00f3 que estas disposiciones permitir\u00e1n la consolidaci\u00f3n de la Guardia Nacional.<\/p>\n\n\n\n<p>Esta reforma constitucional fue avalada previamente por los congresos de Oaxaca, Campeche, Ciudad de M\u00e9xico, Chiapas, Sinaloa y Tabasco.<\/p>\n\n\n\n<p>En otro punto del orden del d\u00eda, se realiz\u00f3 la declaratoria de Decreto por el que se reforman los art\u00edculos 12, fracci\u00f3n X, 37, fracci\u00f3n II, 57, fracciones XIV, XV, XXIII y XXXI, 61, fracciones II y III, 86, 87, 88, 90 y 94; y se adicionan un segundo, tercer y cuarto p\u00e1rrafos al 91 de la Constituci\u00f3n Pol\u00edtica del Estado, referente al sistema judicial.<\/p>\n","protected":false},"excerpt":{"rendered":"<p>El Pleno de la LXI Legislatura del Congreso del Estado aprob\u00f3, por mayor\u00eda de votos, la iniciativa por la que se reforman, adicionan y derogan diversas disposiciones de la Constituci\u00f3n Pol\u00edtica de los Estados Unidos Mexicanos, en materia de Guardia Nacional que remiti\u00f3 la C\u00e1mara de Diputados y tiene como principal objetivo fortalecer la seguridad, [&hellip;]<\/p>\n","protected":false},"author":4,"featured_media":15711,"comment_status":"open","ping_status":"open","sticky":false,"template":"","format":"standard","meta":{"om_disable_all_campaigns":false,"_monsterinsights_skip_tracking":false,"_monsterinsights_sitenote_active":false,"_monsterinsights_sitenote_note":"","_monsterinsights_sitenote_category":0,"footnotes":""},"categories":[175],"tags":[227,223],"class_list":["post-15710","post","type-post","status-publish","format-standard","has-post-thumbnail","hentry","category-local","tag-congreso","tag-puebla"],"amp_enabled":true,"_links":{"self":[{"href":"https:\/\/lahora.mx\/index.php\/wp-json\/wp\/v2\/posts\/15710","targetHints":{"allow":["GET"]}}],"collection":[{"href":"https:\/\/lahora.mx\/index.php\/wp-json\/wp\/v2\/posts"}],"about":[{"href":"https:\/\/lahora.mx\/index.php\/wp-json\/wp\/v2\/types\/post"}],"author":[{"embeddable":true,"href":"https:\/\/lahora.mx\/index.php\/wp-json\/wp\/v2\/users\/4"}],"replies":[{"embeddable":true,"href":"https:\/\/lahora.mx\/index.php\/wp-json\/wp\/v2\/comments?post=15710"}],"version-history":[{"count":1,"href":"https:\/\/lahora.mx\/index.php\/wp-json\/wp\/v2\/posts\/15710\/revisions"}],"predecessor-version":[{"id":15714,"href":"https:\/\/lahora.mx\/index.php\/wp-json\/wp\/v2\/posts\/15710\/revisions\/15714"}],"wp:featuredmedia":[{"embeddable":true,"href":"https:\/\/lahora.mx\/index.php\/wp-json\/wp\/v2\/media\/15711"}],"wp:attachment":[{"href":"https:\/\/lahora.mx\/index.php\/wp-json\/wp\/v2\/media?parent=15710"}],"wp:term":[{"taxonomy":"category","embeddable":true,"href":"https:\/\/lahora.mx\/index.php\/wp-json\/wp\/v2\/categories?post=15710"},{"taxonomy":"post_tag","embeddable":true,"href":"https:\/\/lahora.mx\/index.php\/wp-json\/wp\/v2\/tags?post=15710"}],"curies":[{"name":"wp","href":"https:\/\/api.w.org\/{rel}","templated":true}]}}