{"id":15675,"date":"2022-10-31T23:17:21","date_gmt":"2022-10-31T23:17:21","guid":{"rendered":"http:\/\/lahora.mx\/?p=15675"},"modified":"2022-10-31T23:17:22","modified_gmt":"2022-10-31T23:17:22","slug":"este-3-y-4-de-noviembre-comienza-la-vacunacion-pediatrica-covid-19-en-49-municipios-poblanos","status":"publish","type":"post","link":"https:\/\/lahora.mx\/index.php\/2022\/10\/31\/este-3-y-4-de-noviembre-comienza-la-vacunacion-pediatrica-covid-19-en-49-municipios-poblanos\/","title":{"rendered":"Este 3 y 4 de noviembre comienza la vacunaci\u00f3n pedi\u00e1trica COVID-19 en 49 municipios poblanos"},"content":{"rendered":"\n<p>Las instituciones que integaran la Brigada Correcaminos (SEDENA, Bienestar, ISSSTE, IMSS, ISSSTEP y Servicios de Salud) dan a conocer que el jueves 03 y viernes 04 de noviembre habr\u00e1 jornada para que ni\u00f1os de 5 a 11 a\u00f1os 11 meses de 49 municipios completen su esquema de vacunaci\u00f3n contra la COVID- 19.<\/p>\n\n\n\n<p>El grupo convocado para esta jornada pedi\u00e1trica es:<\/p>\n\n\n\n<p>Segunda dosis de 5 a 11 a\u00f1os 11 meses (que se aplicaron la primera del 27 de septiembre al 06 de octubre).<br>Las madres y padres de familia podr\u00e1n llevar a sus hijos e hijas en cualquiera de los 49 m\u00f3dulos de aplicaci\u00f3n del biol\u00f3gico, de acuerdo con el municipio donde viven, en un horario de 08:00 a 16:00 horas<br>Cabe destacar que los menores deber\u00e1n ir acompa\u00f1ados de un solo padre o tutor para ingresar a la unidad m\u00e9dica; los detalles de la vacunaci\u00f3n podr\u00e1n consultarse en la siguiente liga: https:\/\/previenecovid19.puebla.gob.mx\/vacuna, as\u00ed como en las redes oficiales: @SaludGobPue (Twitter) y Secretar\u00eda de Salud Puebla (Facebook).<br><\/p>\n\n\n\n<p>D\u00eda Inicial del primer apellido<br>Jueves 03 de noviembre<\/p>\n\n\n\n<p>A, B, C, D, E, F, G, H, I, J, K, L M, N<\/p>\n\n\n\n<p>Viernes 04 de noviembre<\/p>\n\n\n\n<p>\u00d1, O, P Q, R, S, T, U, V, W, X, Y, Z<\/p>\n\n\n\n<p>Los padres de familia deben tomar en cuenta que los menores que hayan sido vacunados con alg\u00fan otro esquema de tratamiento viral 14 d\u00edas previos o tengan un cuadro activo y\/o que contin\u00faen con s\u00edntomas de SARS-CoV-2, presenten temperatura corporal mayor a 38\u00b0 C y\/o tengan trastornos de tipo hemorr\u00e1gico, no podr\u00e1n recibir la vacuna por seguridad.<\/p>\n\n\n\n<p>NOTA: Los menores que hayan sido vacunados con su primera dosis pedi\u00e1trica y que ya rebasaron los 12 a\u00f1os, deben asistir a esta jornada para completar su esquema de vacunaci\u00f3n con su segunda dosis.<\/p>\n\n\n\n<p>Requisitos para segunda dosis pedi\u00e1trica<\/p>\n\n\n\n<p>Llevar comprobante de primera dosis, documento necesario para que reciba la segunda.<br>Llevar impresa la carta de consentimiento informado.<br>Llevar su hoja de registro con c\u00f3digo QR que podr\u00e1n descargar en la p\u00e1gina de https:\/\/mivacuna.salud.gob.mx.<br>Copia de la Clave \u00danica de Registro de Poblaci\u00f3n (CURP).<br>Copia de identificaci\u00f3n oficial con fotograf\u00eda del padre o tutor.<br>Comprobante de domicilio, original y copia, no mayor a tres meses.<\/p>\n\n\n\n<p>En los mismos m\u00f3dulos tambi\u00e9n podr\u00e1n solicitar el biol\u00f3gico contra la influenza, aquellos menores que tengan alguna comorbilidad. Esta vacuna no est\u00e1 contraindicada en jornadas COVID por los protocolos federales de salud; cabe recordar en este mes de octubre inici\u00f3 la campa\u00f1a anual.<\/p>\n\n\n\n<p>Las reacciones secundarias que pueden presentarse en el momento de la vacunaci\u00f3n contra la COVID-19 son: dolor en el sitio de inyecci\u00f3n, fatiga, fiebre, dolor de cabeza, muscular y de huesos, los cuales pueden ser de intensidad moderada y podr\u00e1n tratarse \u00fanicamente con paracetamol. En caso de que persistan las molestias es necesario acudir a la unidad m\u00e9dica m\u00e1s cercana.<\/p>\n","protected":false},"excerpt":{"rendered":"<p>Las instituciones que integaran la Brigada Correcaminos (SEDENA, Bienestar, ISSSTE, IMSS, ISSSTEP y Servicios de Salud) dan a conocer que el jueves 03 y viernes 04 de noviembre habr\u00e1 jornada para que ni\u00f1os de 5 a 11 a\u00f1os 11 meses de 49 municipios completen su esquema de vacunaci\u00f3n contra la COVID- 19. El grupo convocado [&hellip;]<\/p>\n","protected":false},"author":4,"featured_media":15676,"comment_status":"open","ping_status":"open","sticky":false,"template":"","format":"standard","meta":{"om_disable_all_campaigns":false,"_monsterinsights_skip_tracking":false,"_monsterinsights_sitenote_active":false,"_monsterinsights_sitenote_note":"","_monsterinsights_sitenote_category":0,"footnotes":""},"categories":[175],"tags":[223],"class_list":["post-15675","post","type-post","status-publish","format-standard","has-post-thumbnail","hentry","category-local","tag-puebla"],"amp_enabled":true,"_links":{"self":[{"href":"https:\/\/lahora.mx\/index.php\/wp-json\/wp\/v2\/posts\/15675","targetHints":{"allow":["GET"]}}],"collection":[{"href":"https:\/\/lahora.mx\/index.php\/wp-json\/wp\/v2\/posts"}],"about":[{"href":"https:\/\/lahora.mx\/index.php\/wp-json\/wp\/v2\/types\/post"}],"author":[{"embeddable":true,"href":"https:\/\/lahora.mx\/index.php\/wp-json\/wp\/v2\/users\/4"}],"replies":[{"embeddable":true,"href":"https:\/\/lahora.mx\/index.php\/wp-json\/wp\/v2\/comments?post=15675"}],"version-history":[{"count":1,"href":"https:\/\/lahora.mx\/index.php\/wp-json\/wp\/v2\/posts\/15675\/revisions"}],"predecessor-version":[{"id":15677,"href":"https:\/\/lahora.mx\/index.php\/wp-json\/wp\/v2\/posts\/15675\/revisions\/15677"}],"wp:featuredmedia":[{"embeddable":true,"href":"https:\/\/lahora.mx\/index.php\/wp-json\/wp\/v2\/media\/15676"}],"wp:attachment":[{"href":"https:\/\/lahora.mx\/index.php\/wp-json\/wp\/v2\/media?parent=15675"}],"wp:term":[{"taxonomy":"category","embeddable":true,"href":"https:\/\/lahora.mx\/index.php\/wp-json\/wp\/v2\/categories?post=15675"},{"taxonomy":"post_tag","embeddable":true,"href":"https:\/\/lahora.mx\/index.php\/wp-json\/wp\/v2\/tags?post=15675"}],"curies":[{"name":"wp","href":"https:\/\/api.w.org\/{rel}","templated":true}]}}