{"id":15669,"date":"2022-10-31T22:30:44","date_gmt":"2022-10-31T22:30:44","guid":{"rendered":"http:\/\/lahora.mx\/?p=15669"},"modified":"2022-10-31T22:30:45","modified_gmt":"2022-10-31T22:30:45","slug":"1-de-noviembre-sera-dia-de-asueto-para-estudiantes","status":"publish","type":"post","link":"https:\/\/lahora.mx\/index.php\/2022\/10\/31\/1-de-noviembre-sera-dia-de-asueto-para-estudiantes\/","title":{"rendered":"1 de noviembre ser\u00e1 d\u00eda de asueto para estudiantes"},"content":{"rendered":"\n<p>Con el objetivo de ampliar a dos el n\u00famero de d\u00edas de descanso obligatorio para alumnos y docentes en el estado de Puebla, el gobernador Miguel Barbosa Huerta anunci\u00f3 que, adem\u00e1s del 2 de noviembre, ma\u00f1ana martes 1 de noviembre ser\u00e1 d\u00eda de asueto para la comunidad escolar en la entidad.<\/p>\n\n\n\n<p>A trav\u00e9s de su habitual rueda de prensa desde Casa Aguayo, el titular del Ejecutivo local dio a conocer que los niveles b\u00e1sico, media superior y superior en Puebla podr\u00e1n gozar de un d\u00eda de descanso m\u00e1s al que ya se ten\u00eda proyectado otorgar.<\/p>\n\n\n\n<p>\u201cMe han sugerido y creo que es prudente que se otorgue el d\u00eda de ma\u00f1ana tambi\u00e9n como un d\u00eda inh\u00e1bil en materia escolar, entonces, no habr\u00e1 labores ma\u00f1ana, y el dos (de noviembre), que ya estaba otorgado, pues va a ser sin labores escolares en el sistema educativo poblano\u201d, se\u00f1al\u00f3 el mandatario.<\/p>\n\n\n\n<p><br>Con esta medida, los alumnos inscritos en instituciones educativas de la entidad poblana, as\u00ed como personal docente, retomar\u00e1n sus labores con normalidad a partir del jueves 3 de noviembre.<\/p>\n\n\n\n<p>Finalmente, cabe recordar que, con base en el calendario oficial emitido por la Secretar\u00eda de Educaci\u00f3n P\u00fablica (SEP) del gobierno federal, s\u00f3lo el 2 de noviembre, fecha en que se conmemora el D\u00eda de Muertos, se consider\u00f3 como un d\u00eda de paro de labores docentes. No obstante, la dependencia hom\u00f3loga en el \u00e1mbito local puede tomar decisiones sobre lo que ocurre en el sistema educativo poblano.<\/p>\n","protected":false},"excerpt":{"rendered":"<p>Con el objetivo de ampliar a dos el n\u00famero de d\u00edas de descanso obligatorio para alumnos y docentes en el estado de Puebla, el gobernador Miguel Barbosa Huerta anunci\u00f3 que, adem\u00e1s del 2 de noviembre, ma\u00f1ana martes 1 de noviembre ser\u00e1 d\u00eda de asueto para la comunidad escolar en la entidad. A trav\u00e9s de su [&hellip;]<\/p>\n","protected":false},"author":4,"featured_media":15670,"comment_status":"open","ping_status":"open","sticky":false,"template":"","format":"standard","meta":{"om_disable_all_campaigns":false,"_monsterinsights_skip_tracking":false,"_monsterinsights_sitenote_active":false,"_monsterinsights_sitenote_note":"","_monsterinsights_sitenote_category":0,"footnotes":""},"categories":[175],"tags":[195,223],"class_list":["post-15669","post","type-post","status-publish","format-standard","has-post-thumbnail","hentry","category-local","tag-principal","tag-puebla"],"amp_enabled":true,"_links":{"self":[{"href":"https:\/\/lahora.mx\/index.php\/wp-json\/wp\/v2\/posts\/15669","targetHints":{"allow":["GET"]}}],"collection":[{"href":"https:\/\/lahora.mx\/index.php\/wp-json\/wp\/v2\/posts"}],"about":[{"href":"https:\/\/lahora.mx\/index.php\/wp-json\/wp\/v2\/types\/post"}],"author":[{"embeddable":true,"href":"https:\/\/lahora.mx\/index.php\/wp-json\/wp\/v2\/users\/4"}],"replies":[{"embeddable":true,"href":"https:\/\/lahora.mx\/index.php\/wp-json\/wp\/v2\/comments?post=15669"}],"version-history":[{"count":1,"href":"https:\/\/lahora.mx\/index.php\/wp-json\/wp\/v2\/posts\/15669\/revisions"}],"predecessor-version":[{"id":15671,"href":"https:\/\/lahora.mx\/index.php\/wp-json\/wp\/v2\/posts\/15669\/revisions\/15671"}],"wp:featuredmedia":[{"embeddable":true,"href":"https:\/\/lahora.mx\/index.php\/wp-json\/wp\/v2\/media\/15670"}],"wp:attachment":[{"href":"https:\/\/lahora.mx\/index.php\/wp-json\/wp\/v2\/media?parent=15669"}],"wp:term":[{"taxonomy":"category","embeddable":true,"href":"https:\/\/lahora.mx\/index.php\/wp-json\/wp\/v2\/categories?post=15669"},{"taxonomy":"post_tag","embeddable":true,"href":"https:\/\/lahora.mx\/index.php\/wp-json\/wp\/v2\/tags?post=15669"}],"curies":[{"name":"wp","href":"https:\/\/api.w.org\/{rel}","templated":true}]}}