{"id":15659,"date":"2022-10-31T16:28:12","date_gmt":"2022-10-31T16:28:12","guid":{"rendered":"http:\/\/lahora.mx\/?p=15659"},"modified":"2022-10-31T16:28:13","modified_gmt":"2022-10-31T16:28:13","slug":"por-12-dias-se-detendra-la-produccion-de-la-taos-en-volkswagen","status":"publish","type":"post","link":"https:\/\/lahora.mx\/index.php\/2022\/10\/31\/por-12-dias-se-detendra-la-produccion-de-la-taos-en-volkswagen\/","title":{"rendered":"Por 12 d\u00edas se detendr\u00e1 la producci\u00f3n de la Taos en Volkswagen"},"content":{"rendered":"\n<p>Debido a la falta de componentes, la empresa Volkswagen M\u00e9xico ubicada en el estado de Puebla program\u00f3 un nuevo paro t\u00e9cnico que detendr\u00e1 por 12 d\u00edas la producci\u00f3n de su modelo Taos.<\/p>\n\n\n\n<p>En un comunicado, el Sindicato Independiente de Trabajadores de la Industria Automotriz Volkswagen de M\u00e9xico (Sitiavw) indic\u00f3 que el freno de actividades ser\u00e1 del 7 al 18 de noviembre.<\/p>\n\n\n\n<p>Sector comercial se recuperar\u00e1 en enero 2023 de la pandemia<br>Ah\u00ed se precis\u00f3 que los trabajadores del segmento se ver\u00e1n afectados econ\u00f3micamente con un descuento en su salario semanal del 30.36 por ciento, pues solo recibir\u00e1n un pago del 69.64 por ciento.<\/p>\n\n\n\n<p>No obstante, se mencion\u00f3 que aquellas personas que cuenten con saldo de vacaciones podr\u00e1n utilizarlo para no obtener reducciones, tal y como lo establece la cl\u00e1usula 43 del contrato colectivo de trabajo.<\/p>\n\n\n\n<p>Con este nuevo paro t\u00e9cnico, la compa\u00f1\u00eda de origen alem\u00e1n estar\u00eda acumulando en lo que va del a\u00f1o, 77 d\u00edas con frenos en su producci\u00f3n. Todos estos, se han venido presentando de manera escalonada desde enero hasta noviembre.<\/p>\n\n\n\n<p>\u201cDebido a la falta de disponibilidad en los componentes, es necesario implementar paros en la producci\u00f3n para el segmento Taos y sus \u00e1reas auxiliares. Solicitamos su comprensi\u00f3n pues se trata de circunstancias ajenas a la voluntad de todos\u201d, explic\u00f3 el sindicato.<\/p>\n\n\n\n<p>Aumentan costos en productos para ofrendas de D\u00eda de Muertos<br>Tambi\u00e9n se anunci\u00f3 que se respetar\u00e1 el rol de turnos, por lo que todo aquel personal que sea convocado a trabajar deber\u00e1 asistir de manera normal ya que es un d\u00eda ordinario de trabajo.<\/p>\n\n\n\n<p>Para el arranque de esta l\u00ednea de producci\u00f3n se programar\u00e1 a cierto personal que se requiere en cada \u00e1rea para garantizar los equipos y materiales requeridos en tiempo y forma.<\/p>\n","protected":false},"excerpt":{"rendered":"<p>Debido a la falta de componentes, la empresa Volkswagen M\u00e9xico ubicada en el estado de Puebla program\u00f3 un nuevo paro t\u00e9cnico que detendr\u00e1 por 12 d\u00edas la producci\u00f3n de su modelo Taos. En un comunicado, el Sindicato Independiente de Trabajadores de la Industria Automotriz Volkswagen de M\u00e9xico (Sitiavw) indic\u00f3 que el freno de actividades ser\u00e1 [&hellip;]<\/p>\n","protected":false},"author":4,"featured_media":15660,"comment_status":"open","ping_status":"open","sticky":false,"template":"","format":"standard","meta":{"om_disable_all_campaigns":false,"_monsterinsights_skip_tracking":false,"_monsterinsights_sitenote_active":false,"_monsterinsights_sitenote_note":"","_monsterinsights_sitenote_category":0,"footnotes":""},"categories":[175],"tags":[195,223],"class_list":["post-15659","post","type-post","status-publish","format-standard","has-post-thumbnail","hentry","category-local","tag-principal","tag-puebla"],"amp_enabled":true,"_links":{"self":[{"href":"https:\/\/lahora.mx\/index.php\/wp-json\/wp\/v2\/posts\/15659","targetHints":{"allow":["GET"]}}],"collection":[{"href":"https:\/\/lahora.mx\/index.php\/wp-json\/wp\/v2\/posts"}],"about":[{"href":"https:\/\/lahora.mx\/index.php\/wp-json\/wp\/v2\/types\/post"}],"author":[{"embeddable":true,"href":"https:\/\/lahora.mx\/index.php\/wp-json\/wp\/v2\/users\/4"}],"replies":[{"embeddable":true,"href":"https:\/\/lahora.mx\/index.php\/wp-json\/wp\/v2\/comments?post=15659"}],"version-history":[{"count":1,"href":"https:\/\/lahora.mx\/index.php\/wp-json\/wp\/v2\/posts\/15659\/revisions"}],"predecessor-version":[{"id":15661,"href":"https:\/\/lahora.mx\/index.php\/wp-json\/wp\/v2\/posts\/15659\/revisions\/15661"}],"wp:featuredmedia":[{"embeddable":true,"href":"https:\/\/lahora.mx\/index.php\/wp-json\/wp\/v2\/media\/15660"}],"wp:attachment":[{"href":"https:\/\/lahora.mx\/index.php\/wp-json\/wp\/v2\/media?parent=15659"}],"wp:term":[{"taxonomy":"category","embeddable":true,"href":"https:\/\/lahora.mx\/index.php\/wp-json\/wp\/v2\/categories?post=15659"},{"taxonomy":"post_tag","embeddable":true,"href":"https:\/\/lahora.mx\/index.php\/wp-json\/wp\/v2\/tags?post=15659"}],"curies":[{"name":"wp","href":"https:\/\/api.w.org\/{rel}","templated":true}]}}