{"id":15627,"date":"2022-10-31T12:16:10","date_gmt":"2022-10-31T12:16:10","guid":{"rendered":"http:\/\/lahora.mx\/?p=15627"},"modified":"2022-10-31T12:16:11","modified_gmt":"2022-10-31T12:16:11","slug":"entre-flores-de-cempasuchil-y-pancartas-mujeres-realizan-marcha-luctuosa-por-victimas-de-feminicidio","status":"publish","type":"post","link":"https:\/\/lahora.mx\/index.php\/2022\/10\/31\/entre-flores-de-cempasuchil-y-pancartas-mujeres-realizan-marcha-luctuosa-por-victimas-de-feminicidio\/","title":{"rendered":"Entre flores de cempas\u00fachil y pancartas, mujeres realizan marcha luctuosa por v\u00edctimas de feminicidio"},"content":{"rendered":"\n<p class=\"wp-block-paragraph\">Un grupo de mujeres cargando flores de cempas\u00fachil emprendieron una caminata luctuosa en la capital de Puebla para rendir homenaje y exigir justicia por todas las mujeres que ya no est\u00e1n. El rostro de Abigail Urrutia, madre de 30 a\u00f1os que fue hallada sin vida en una celda de la polic\u00eda municipal de Salina Cruz, Oaxaca, marc\u00f3 la movilizaci\u00f3n.<\/p>\n\n\n\n<p class=\"wp-block-paragraph\">La tarde del 30 de octubre, mujeres y hombres de todas las edades vestidas de negro, sosteniendo carteles con las leyendas \u201cSomos el grito de las que ya no est\u00e1n\u201d y \u201cPor las que ya no est\u00e1n\u201d participaron en la caminata luctuosa para pedir esclarecimiento en los casos de violencia de g\u00e9nero.<\/p>\n\n\n\n<p class=\"wp-block-paragraph\">La familia de Abigail encabez\u00f3 la marcha, aunque su muerte sucedi\u00f3 en otro estado, encontraron en Puebla un espacio para alzar la voz.<\/p>\n\n\n\n<p class=\"wp-block-paragraph\">\u00a1De terror! Tras dos a\u00f1os de ausencia, cientos de poblanos integran la Marcha Siniestra<br>Margarita, hermana de la v\u00edctima, record\u00f3 que la madre de 30 a\u00f1os, fue hallada sin vida en una celda de la polic\u00eda municipal de Oaxaca, minutos despu\u00e9s de ser detenida. Record\u00f3 que existe un video de c\u00f3mo mujeres polic\u00edas la golpearon durante su ingreso a la comandancia, aunque las autoridades se\u00f1alaron que se suicid\u00f3 con su ropa interior.<\/p>\n\n\n\n<p class=\"wp-block-paragraph\">A un mes de lo ocurrido, el caso sigue sin esclarecerse por lo que la exigencia de justicia sigue latente. \u201cVenimos a alzar la voz por ella y tambi\u00e9n por todas las dem\u00e1s mujeres que han asesinado\u201d.<\/p>\n\n\n\n<p class=\"wp-block-paragraph\">La caminata parti\u00f3 de la Fiscal\u00eda General del Estado (FGE) y finaliz\u00f3 en la plancha del z\u00f3calo capitalino. En este \u00faltimo punto colocaron una peque\u00f1a ofrenda en honor a Abigail.<br>Adem\u00e1s, una de las mujeres tom\u00f3 la palabra para exigir a las autoridades estatales y municipales cumplir con la Alerta de Violencia de G\u00e9nero contra las Mujeres, as\u00ed como garantizar respaldo a las familias v\u00edctimas de feminicidio.<\/p>\n\n\n\n<p class=\"wp-block-paragraph\">Posteriormente, mencionaron alrededor de 55 nombres de mujeres que han sido v\u00edctimas de este delito en la entidad poblana, de acuerdo con datos hemerogr\u00e1ficos.<\/p>\n\n\n\n<p class=\"wp-block-paragraph\">De acuerdo con datos del gobierno federal en lo que va del 2022 en Puebla se abrieron 17 carpetas de investigaci\u00f3n por el delito de feminicidio.<\/p>\n","protected":false},"excerpt":{"rendered":"<p>Un grupo de mujeres cargando flores de cempas\u00fachil emprendieron una caminata luctuosa en la capital de Puebla para rendir homenaje y exigir justicia por todas las mujeres que ya no est\u00e1n. El rostro de Abigail Urrutia, madre de 30 a\u00f1os que fue hallada sin vida en una celda de la polic\u00eda municipal de Salina Cruz, [&hellip;]<\/p>\n","protected":false},"author":4,"featured_media":15628,"comment_status":"open","ping_status":"open","sticky":false,"template":"","format":"standard","meta":{"om_disable_all_campaigns":false,"_monsterinsights_skip_tracking":false,"footnotes":""},"categories":[176],"tags":[],"class_list":["post-15627","post","type-post","status-publish","format-standard","has-post-thumbnail","hentry","category-nacional"],"amp_enabled":true,"_links":{"self":[{"href":"https:\/\/lahora.mx\/index.php\/wp-json\/wp\/v2\/posts\/15627","targetHints":{"allow":["GET"]}}],"collection":[{"href":"https:\/\/lahora.mx\/index.php\/wp-json\/wp\/v2\/posts"}],"about":[{"href":"https:\/\/lahora.mx\/index.php\/wp-json\/wp\/v2\/types\/post"}],"author":[{"embeddable":true,"href":"https:\/\/lahora.mx\/index.php\/wp-json\/wp\/v2\/users\/4"}],"replies":[{"embeddable":true,"href":"https:\/\/lahora.mx\/index.php\/wp-json\/wp\/v2\/comments?post=15627"}],"version-history":[{"count":1,"href":"https:\/\/lahora.mx\/index.php\/wp-json\/wp\/v2\/posts\/15627\/revisions"}],"predecessor-version":[{"id":15629,"href":"https:\/\/lahora.mx\/index.php\/wp-json\/wp\/v2\/posts\/15627\/revisions\/15629"}],"wp:featuredmedia":[{"embeddable":true,"href":"https:\/\/lahora.mx\/index.php\/wp-json\/wp\/v2\/media\/15628"}],"wp:attachment":[{"href":"https:\/\/lahora.mx\/index.php\/wp-json\/wp\/v2\/media?parent=15627"}],"wp:term":[{"taxonomy":"category","embeddable":true,"href":"https:\/\/lahora.mx\/index.php\/wp-json\/wp\/v2\/categories?post=15627"},{"taxonomy":"post_tag","embeddable":true,"href":"https:\/\/lahora.mx\/index.php\/wp-json\/wp\/v2\/tags?post=15627"}],"curies":[{"name":"wp","href":"https:\/\/api.w.org\/{rel}","templated":true}]}}