{"id":1561,"date":"2022-01-13T18:45:16","date_gmt":"2022-01-13T18:45:16","guid":{"rendered":"http:\/\/lahora.mx\/?p=1561"},"modified":"2022-01-13T18:51:07","modified_gmt":"2022-01-13T18:51:07","slug":"sugieren-home-office-a-administrativos-y-linea-de-produccion-activa-gobierno-de-puebla","status":"publish","type":"post","link":"https:\/\/lahora.mx\/index.php\/2022\/01\/13\/sugieren-home-office-a-administrativos-y-linea-de-produccion-activa-gobierno-de-puebla\/","title":{"rendered":"Sugieren home office a administrativos y l\u00ednea de producci\u00f3n activa; Gobierno de Puebla"},"content":{"rendered":"<p>En el curso de la cuarta ola de contagios por Covid-19\u00a0 \u00a0el gobernador Miguel Barbosa Huerta<strong>\u00a0<\/strong>insisti\u00f3 sobre la autorregulaci\u00f3n que debe haber por parte de los poblanos, para no tener que cerrar los comercios.<br \/>\nComo ejemplo, dijo que los centros nocturnos tendr\u00e1n un aforo del 50 por ciento porque, a su parecer, en ese porcentaje aun se pueden sostener sin la necesidad de que haya despido de personal.<\/p>\n<p>En el caso del sector restaurantero, el aforo permitido es de 70 por ciento, tal como lo indic\u00f3 la C\u00e1mara Nacional de la Industria Restaurantera y Alimentos Condimentados (Canirac)<strong>\u00a0<\/strong>a sus agremiados y no afiliados.<br \/>\nTambi\u00e9n\u00a0a\u00f1adi\u00f3 que el home office es para los trabajos administrativos, mientras que la l\u00ednea de producci\u00f3n se mantiene activa; y esa f\u00f3rmula va a mantener los empleos.<br \/>\nExpres\u00f3 que la referencia que se tiene es que la cuarta ola de contagios por covid-19\u00a0 durar\u00e1 poco, en comparaci\u00f3n con los registros pasados.<\/p>\n<p>Por su parte, Jos\u00e8 Antonio Mart\u00ednez Garc\u00eda, secretario de Salud Estatal, dijo que de acuerdo con las proyecciones que cuenta, la espiga va a una velocidad r\u00e1pida que no se ha visto en las olas anteriores.<\/p>\n<p>En tanto, record\u00f3 que todas las empresas deben de tener las medidas de higiene y sana distancia, como toma de temperatura, uso obligatorio del cubrebocas, aplicaci\u00f3n de gel antibacterial, sanitizantes y dem\u00e1s.<\/p>\n","protected":false},"excerpt":{"rendered":"<p>En el curso de la cuarta ola de contagios por Covid-19\u00a0 \u00a0el gobernador Miguel Barbosa Huerta\u00a0insisti\u00f3 sobre la autorregulaci\u00f3n que debe haber por parte de los poblanos, para no tener que cerrar los comercios. Como ejemplo, dijo que los centros nocturnos tendr\u00e1n un aforo del 50 por ciento porque, a su parecer, en ese porcentaje [&hellip;]<\/p>\n","protected":false},"author":4,"featured_media":1567,"comment_status":"open","ping_status":"open","sticky":false,"template":"","format":"standard","meta":{"om_disable_all_campaigns":false,"_monsterinsights_skip_tracking":false,"_monsterinsights_sitenote_active":false,"_monsterinsights_sitenote_note":"","_monsterinsights_sitenote_category":0,"footnotes":""},"categories":[175],"tags":[],"class_list":["post-1561","post","type-post","status-publish","format-standard","has-post-thumbnail","hentry","category-local"],"amp_enabled":true,"_links":{"self":[{"href":"https:\/\/lahora.mx\/index.php\/wp-json\/wp\/v2\/posts\/1561","targetHints":{"allow":["GET"]}}],"collection":[{"href":"https:\/\/lahora.mx\/index.php\/wp-json\/wp\/v2\/posts"}],"about":[{"href":"https:\/\/lahora.mx\/index.php\/wp-json\/wp\/v2\/types\/post"}],"author":[{"embeddable":true,"href":"https:\/\/lahora.mx\/index.php\/wp-json\/wp\/v2\/users\/4"}],"replies":[{"embeddable":true,"href":"https:\/\/lahora.mx\/index.php\/wp-json\/wp\/v2\/comments?post=1561"}],"version-history":[{"count":1,"href":"https:\/\/lahora.mx\/index.php\/wp-json\/wp\/v2\/posts\/1561\/revisions"}],"predecessor-version":[{"id":1564,"href":"https:\/\/lahora.mx\/index.php\/wp-json\/wp\/v2\/posts\/1561\/revisions\/1564"}],"wp:featuredmedia":[{"embeddable":true,"href":"https:\/\/lahora.mx\/index.php\/wp-json\/wp\/v2\/media\/1567"}],"wp:attachment":[{"href":"https:\/\/lahora.mx\/index.php\/wp-json\/wp\/v2\/media?parent=1561"}],"wp:term":[{"taxonomy":"category","embeddable":true,"href":"https:\/\/lahora.mx\/index.php\/wp-json\/wp\/v2\/categories?post=1561"},{"taxonomy":"post_tag","embeddable":true,"href":"https:\/\/lahora.mx\/index.php\/wp-json\/wp\/v2\/tags?post=1561"}],"curies":[{"name":"wp","href":"https:\/\/api.w.org\/{rel}","templated":true}]}}