{"id":15590,"date":"2022-10-30T19:33:43","date_gmt":"2022-10-30T19:33:43","guid":{"rendered":"http:\/\/lahora.mx\/?p=15590"},"modified":"2022-10-30T19:33:44","modified_gmt":"2022-10-30T19:33:44","slug":"aumenta-a-151-la-cifra-de-muertos-por-estampida-en-halloween-en-seul","status":"publish","type":"post","link":"https:\/\/lahora.mx\/index.php\/2022\/10\/30\/aumenta-a-151-la-cifra-de-muertos-por-estampida-en-halloween-en-seul\/","title":{"rendered":"Aumenta a 151 la cifra de muertos por estampida en Halloween en Se\u00fal"},"content":{"rendered":"\n<p>El n\u00famero de muertos por la estampida en las festividades de Halloween en Se\u00fal aument\u00f3 a 151, incluidos 19 extranjeros, actualiz\u00f3 el presidente de Corea del Sur, Yoon Suk Yeol.<\/p>\n\n\n\n<p>Declar\u00f3 un periodo de luto nacional, envi\u00f3 sus condolencias a las familias de las v\u00edctimas y dese\u00f3 a todos los heridos una \u201cpronta recuperaci\u00f3n\u201d.<br>Dijo que era \u00abmiserable\u00bb ver el desastre en el coraz\u00f3n de la capital y que tomar\u00eda medidas para prevenir accidentes similares en el futuro. Declar\u00f3 que el periodo de luto continuar\u00eda \u201chasta que concluya el manejo del accidente\u201d.<\/p>\n\n\n\n<p><br>Atrapados y sin aire, as\u00ed fue la estampida en Se\u00fal que dej\u00f3 m\u00e1s de 140 muertos<br>La aglomeraci\u00f3n y estampida ocurrieron en el popular distrito capitalino de Itaewon, donde medios locales indican que hasta 100 mil personas llegaron la noche del s\u00e1bado, colmando sus estrechos callejones y calles sinuosas.<\/p>\n\n\n\n<p>Testigos relataron c\u00f3mo la gente intentaba salir de la sofocante aglomeraci\u00f3n, apil\u00e1ndose unos encima de otros mientras param\u00e9dicos, abrumados por el n\u00famero de v\u00edctimas, ped\u00edan a los transe\u00fantes que les ayudaran a brindar primeros auxilios.<\/p>\n","protected":false},"excerpt":{"rendered":"<p>El n\u00famero de muertos por la estampida en las festividades de Halloween en Se\u00fal aument\u00f3 a 151, incluidos 19 extranjeros, actualiz\u00f3 el presidente de Corea del Sur, Yoon Suk Yeol. Declar\u00f3 un periodo de luto nacional, envi\u00f3 sus condolencias a las familias de las v\u00edctimas y dese\u00f3 a todos los heridos una \u201cpronta recuperaci\u00f3n\u201d.Dijo que [&hellip;]<\/p>\n","protected":false},"author":4,"featured_media":15591,"comment_status":"open","ping_status":"open","sticky":false,"template":"","format":"standard","meta":{"om_disable_all_campaigns":false,"_monsterinsights_skip_tracking":false,"_monsterinsights_sitenote_active":false,"_monsterinsights_sitenote_note":"","_monsterinsights_sitenote_category":0,"footnotes":""},"categories":[183],"tags":[],"class_list":["post-15590","post","type-post","status-publish","format-standard","has-post-thumbnail","hentry","category-internacional"],"amp_enabled":true,"_links":{"self":[{"href":"https:\/\/lahora.mx\/index.php\/wp-json\/wp\/v2\/posts\/15590","targetHints":{"allow":["GET"]}}],"collection":[{"href":"https:\/\/lahora.mx\/index.php\/wp-json\/wp\/v2\/posts"}],"about":[{"href":"https:\/\/lahora.mx\/index.php\/wp-json\/wp\/v2\/types\/post"}],"author":[{"embeddable":true,"href":"https:\/\/lahora.mx\/index.php\/wp-json\/wp\/v2\/users\/4"}],"replies":[{"embeddable":true,"href":"https:\/\/lahora.mx\/index.php\/wp-json\/wp\/v2\/comments?post=15590"}],"version-history":[{"count":1,"href":"https:\/\/lahora.mx\/index.php\/wp-json\/wp\/v2\/posts\/15590\/revisions"}],"predecessor-version":[{"id":15592,"href":"https:\/\/lahora.mx\/index.php\/wp-json\/wp\/v2\/posts\/15590\/revisions\/15592"}],"wp:featuredmedia":[{"embeddable":true,"href":"https:\/\/lahora.mx\/index.php\/wp-json\/wp\/v2\/media\/15591"}],"wp:attachment":[{"href":"https:\/\/lahora.mx\/index.php\/wp-json\/wp\/v2\/media?parent=15590"}],"wp:term":[{"taxonomy":"category","embeddable":true,"href":"https:\/\/lahora.mx\/index.php\/wp-json\/wp\/v2\/categories?post=15590"},{"taxonomy":"post_tag","embeddable":true,"href":"https:\/\/lahora.mx\/index.php\/wp-json\/wp\/v2\/tags?post=15590"}],"curies":[{"name":"wp","href":"https:\/\/api.w.org\/{rel}","templated":true}]}}