{"id":15587,"date":"2022-10-30T18:23:36","date_gmt":"2022-10-30T18:23:36","guid":{"rendered":"http:\/\/lahora.mx\/?p=15587"},"modified":"2022-10-30T18:23:36","modified_gmt":"2022-10-30T18:23:36","slug":"joven-muere-tras-ser-golpeado-en-el-anexo-granjas-de-chachapa","status":"publish","type":"post","link":"https:\/\/lahora.mx\/index.php\/2022\/10\/30\/joven-muere-tras-ser-golpeado-en-el-anexo-granjas-de-chachapa\/","title":{"rendered":"Joven muere tras ser golpeado en el Anexo Granjas de Chachapa"},"content":{"rendered":"\n<p class=\"wp-block-paragraph\">La tarde de ayer muri\u00f3 un hombre que se encontraba internado en el anexo \u00bb Granjas de Chachapa\u00bb en Santa Cruz Xonacatepec, los encargados del lugar sacaron su cuerpo y lo dejaron dentro de una camioneta que estaba estacionada fuera del lugar.<\/p>\n\n\n\n<p class=\"wp-block-paragraph\">Ante esto la familia del joven exige justicia y que los due\u00f1os del inmueble les den una explicaci\u00f3n, pues de acuerdo a los vecinos, la v\u00edctima fue golpeada hasta quitarle la vida.<\/p>\n\n\n\n<p class=\"wp-block-paragraph\">Todo ocurri\u00f3 la tarde de ayer cuando los familiares de Alan recibieron una llamada en la que les indicaron que su familiar que se encontraba en el anexo Granjas de Chachapa ubicado en la Prolongaci\u00f3n 2 Poniente n\u00famero 7 en Santa Cruz Xonacatepec, Puebla, ya no respond\u00eda.<\/p>\n\n\n\n<p class=\"wp-block-paragraph\">Ante ello, la familia de Alan lleg\u00f3 alrededor de las 2:00pm encontrando una lamentable escena, el cuerpo del joven ya hab\u00eda sido sacado del anexo, estaba dentro de la cajuela de una camioneta privada muerto y con golpes.<\/p>\n\n\n\n<p class=\"wp-block-paragraph\">La familia de Alan comenz\u00f3 a tocar la puerta del anexo, pero nadie les abr\u00eda, algunos vecinos les dijeron que el joven hab\u00eda sido golpeado por los propios internos, sin embargo, no supieron explicar el por qu\u00e9 se hab\u00eda sacado el cuerpo, el cual fue metido en el veh\u00edculo por los propios encargados.<\/p>\n\n\n\n<p class=\"wp-block-paragraph\">Incluso los vecinos le informaron a la familia de Alan que no era la primera vez que ocurr\u00eda algo similar, pues ya van varios casos de maltrato en dicho anexo y gente que lamentablemente muere.<\/p>\n\n\n\n<p class=\"wp-block-paragraph\">La hermana de Alan realiz\u00f3 una transmisi\u00f3n en vivo en donde denunci\u00f3 que el cuerpo de su hermano estaba en el veh\u00edculo y que el encargado del anexo no les quer\u00eda dar la cara, por lo que exigieron justicia, incluso revel\u00f3 que, aunque llamaron a las autoridades y llegaron polic\u00edas municipales, no se quisieron encargar de realizar las diligencias correspondientes.<\/p>\n\n\n\n<p class=\"wp-block-paragraph\">\u00abYa llamamos a las autoridades, pero nadie se quiere hacer cargo de lo que le pas\u00f3 a mi hermano, estamos aqu\u00ed afuera desde las 2pm, por favor ayuda, queremos justicia\u00bb, dijo.<\/p>\n\n\n\n<p class=\"wp-block-paragraph\">Finalmente, la hermana del occiso volvi\u00f3 a compartir en sus redes sociales que hasta las 9:30pm se llevaron el cuerpo del joven, pero, exhibi\u00f3 que los internos del anexo estaban siendo sacados del lugar, para ser subidos a un autob\u00fas sin placas y as\u00ed ser trasladados a otro centro de rehabilitaci\u00f3n.<\/p>\n","protected":false},"excerpt":{"rendered":"<p>La tarde de ayer muri\u00f3 un hombre que se encontraba internado en el anexo \u00bb Granjas de Chachapa\u00bb en Santa Cruz Xonacatepec, los encargados del lugar sacaron su cuerpo y lo dejaron dentro de una camioneta que estaba estacionada fuera del lugar. Ante esto la familia del joven exige justicia y que los due\u00f1os del [&hellip;]<\/p>\n","protected":false},"author":4,"featured_media":15588,"comment_status":"open","ping_status":"open","sticky":false,"template":"","format":"standard","meta":{"om_disable_all_campaigns":false,"_monsterinsights_skip_tracking":false,"_monsterinsights_sitenote_active":false,"_monsterinsights_sitenote_note":"","_monsterinsights_sitenote_category":0,"footnotes":""},"categories":[175],"tags":[223],"class_list":["post-15587","post","type-post","status-publish","format-standard","has-post-thumbnail","hentry","category-local","tag-puebla"],"amp_enabled":true,"_links":{"self":[{"href":"https:\/\/lahora.mx\/index.php\/wp-json\/wp\/v2\/posts\/15587","targetHints":{"allow":["GET"]}}],"collection":[{"href":"https:\/\/lahora.mx\/index.php\/wp-json\/wp\/v2\/posts"}],"about":[{"href":"https:\/\/lahora.mx\/index.php\/wp-json\/wp\/v2\/types\/post"}],"author":[{"embeddable":true,"href":"https:\/\/lahora.mx\/index.php\/wp-json\/wp\/v2\/users\/4"}],"replies":[{"embeddable":true,"href":"https:\/\/lahora.mx\/index.php\/wp-json\/wp\/v2\/comments?post=15587"}],"version-history":[{"count":1,"href":"https:\/\/lahora.mx\/index.php\/wp-json\/wp\/v2\/posts\/15587\/revisions"}],"predecessor-version":[{"id":15589,"href":"https:\/\/lahora.mx\/index.php\/wp-json\/wp\/v2\/posts\/15587\/revisions\/15589"}],"wp:featuredmedia":[{"embeddable":true,"href":"https:\/\/lahora.mx\/index.php\/wp-json\/wp\/v2\/media\/15588"}],"wp:attachment":[{"href":"https:\/\/lahora.mx\/index.php\/wp-json\/wp\/v2\/media?parent=15587"}],"wp:term":[{"taxonomy":"category","embeddable":true,"href":"https:\/\/lahora.mx\/index.php\/wp-json\/wp\/v2\/categories?post=15587"},{"taxonomy":"post_tag","embeddable":true,"href":"https:\/\/lahora.mx\/index.php\/wp-json\/wp\/v2\/tags?post=15587"}],"curies":[{"name":"wp","href":"https:\/\/api.w.org\/{rel}","templated":true}]}}