{"id":15553,"date":"2022-10-28T22:26:33","date_gmt":"2022-10-28T22:26:33","guid":{"rendered":"http:\/\/lahora.mx\/?p=15553"},"modified":"2022-10-28T22:26:34","modified_gmt":"2022-10-28T22:26:34","slug":"entrega-sedif-a-tres-menores-de-edad-en-adopcion","status":"publish","type":"post","link":"https:\/\/lahora.mx\/index.php\/2022\/10\/28\/entrega-sedif-a-tres-menores-de-edad-en-adopcion\/","title":{"rendered":"Entrega SEDIF a tres menores de edad en adopci\u00f3n"},"content":{"rendered":"\n<p>Asegurar el derecho a vivir en familia, que garantice el pleno desarrollo de las y los infantes, es prioridad del Sistema para el Desarrollo Integral de la Familia para el Estado de Puebla (SEDIF), por ello, a trav\u00e9s del Departamento de Adopciones de la Procuradur\u00eda de Protecci\u00f3n de los Derechos de las Ni\u00f1as, Ni\u00f1os y Adolescentes, entreg\u00f3 en adopci\u00f3n a tres menores de edad que se encontraban bajo tutela del organismo.<\/p>\n\n\n\n<p>Durante el acto protocolario la directora general del SEDIF, Leonor Vargas Gallegos, destac\u00f3 que para el gobernador Miguel Barbosa Huerta es importante que ni\u00f1as, ni\u00f1os y adolescentes se desarrollen en un ambiente libre de violencia, por ello a trav\u00e9s del Consejo T\u00e9cnico de Adopciones se promueve que las infancias y adolescencias lleguen a una familia que garantice sus derechos y les permita vivir felices.<\/p>\n\n\n\n<p>Por otro lado, el procurador de Protecci\u00f3n de los Derechos de Ni\u00f1as, Ni\u00f1os y Adolescentes, Hiram M\u00e9ndez Crisanto, recalc\u00f3 que estas adopciones son resultado del trabajo en conjunto de las dependencias involucradas en el procedimiento, pues el fin de este programa es asegurar que los menores de edad sean felices, queridos y protegidos.<\/p>\n\n\n\n<p>Banner<br>Una de las familias beneficiadas resalt\u00f3 que la llegada de su hija cambi\u00f3 su vida para bien, pues, desde el coraz\u00f3n de la familia le inculcar\u00e1n valores, educaci\u00f3n y principios que le permitan desarrollarse como una buena persona y sobre todo que sea feliz, adem\u00e1s aprovecharon para agradecer a la Presidenta Honoraria del SEDIF, Rosario Orozco Caballero, por el apoyo y gran trabajo que realiza para velar por el bienestar de todas y todos los ni\u00f1os que se encuentran bajo protecci\u00f3n del estado.<\/p>\n","protected":false},"excerpt":{"rendered":"<p>Asegurar el derecho a vivir en familia, que garantice el pleno desarrollo de las y los infantes, es prioridad del Sistema para el Desarrollo Integral de la Familia para el Estado de Puebla (SEDIF), por ello, a trav\u00e9s del Departamento de Adopciones de la Procuradur\u00eda de Protecci\u00f3n de los Derechos de las Ni\u00f1as, Ni\u00f1os y [&hellip;]<\/p>\n","protected":false},"author":4,"featured_media":15554,"comment_status":"open","ping_status":"open","sticky":false,"template":"","format":"standard","meta":{"om_disable_all_campaigns":false,"_monsterinsights_skip_tracking":false,"_monsterinsights_sitenote_active":false,"_monsterinsights_sitenote_note":"","_monsterinsights_sitenote_category":0,"footnotes":""},"categories":[175],"tags":[223],"class_list":["post-15553","post","type-post","status-publish","format-standard","has-post-thumbnail","hentry","category-local","tag-puebla"],"amp_enabled":true,"_links":{"self":[{"href":"https:\/\/lahora.mx\/index.php\/wp-json\/wp\/v2\/posts\/15553","targetHints":{"allow":["GET"]}}],"collection":[{"href":"https:\/\/lahora.mx\/index.php\/wp-json\/wp\/v2\/posts"}],"about":[{"href":"https:\/\/lahora.mx\/index.php\/wp-json\/wp\/v2\/types\/post"}],"author":[{"embeddable":true,"href":"https:\/\/lahora.mx\/index.php\/wp-json\/wp\/v2\/users\/4"}],"replies":[{"embeddable":true,"href":"https:\/\/lahora.mx\/index.php\/wp-json\/wp\/v2\/comments?post=15553"}],"version-history":[{"count":1,"href":"https:\/\/lahora.mx\/index.php\/wp-json\/wp\/v2\/posts\/15553\/revisions"}],"predecessor-version":[{"id":15555,"href":"https:\/\/lahora.mx\/index.php\/wp-json\/wp\/v2\/posts\/15553\/revisions\/15555"}],"wp:featuredmedia":[{"embeddable":true,"href":"https:\/\/lahora.mx\/index.php\/wp-json\/wp\/v2\/media\/15554"}],"wp:attachment":[{"href":"https:\/\/lahora.mx\/index.php\/wp-json\/wp\/v2\/media?parent=15553"}],"wp:term":[{"taxonomy":"category","embeddable":true,"href":"https:\/\/lahora.mx\/index.php\/wp-json\/wp\/v2\/categories?post=15553"},{"taxonomy":"post_tag","embeddable":true,"href":"https:\/\/lahora.mx\/index.php\/wp-json\/wp\/v2\/tags?post=15553"}],"curies":[{"name":"wp","href":"https:\/\/api.w.org\/{rel}","templated":true}]}}