{"id":15528,"date":"2022-10-28T03:51:39","date_gmt":"2022-10-28T03:51:39","guid":{"rendered":"http:\/\/lahora.mx\/?p=15528"},"modified":"2022-10-28T03:51:39","modified_gmt":"2022-10-28T03:51:39","slug":"nuevos-integrantes-del-consejo-de-la-judicatura-son-designado-por-el-congreso-de-puebla","status":"publish","type":"post","link":"https:\/\/lahora.mx\/index.php\/2022\/10\/28\/nuevos-integrantes-del-consejo-de-la-judicatura-son-designado-por-el-congreso-de-puebla\/","title":{"rendered":"Nuevos integrantes del Consejo de la Judicatura son designado por el Congreso de Puebla"},"content":{"rendered":"\n<p>El Congreso de Puebla design\u00f3 a Joel S\u00e1nchez Rold\u00e1n y Vania Giovana Pe\u00f1asco Sosa como integrantes del Consejo de la Judicatura por un periodo de seis y cuatro a\u00f1os respectivamente.<\/p>\n\n\n\n<p>En la sesi\u00f3n ordinaria del jueves, los diputados locales dieron cuenta del acuerdo que emiti\u00f3 la Junta de Gobierno y Coordinaci\u00f3n Pol\u00edtica para elegir a los dos miembros del consejo con el fin de ocupar los espacios que debe definir el Legislativo para iniciar la reestructuraci\u00f3n del Poder Judicial.<\/p>\n\n\n\n<p>En su intervenci\u00f3n desde tribuna, el coordinador de la bancada del Partido Acci\u00f3n Nacional (PAN), Eduardo Alc\u00e1ntara Montiel, opin\u00f3 que por respeto se tuvieron que presentar per\u00edodos para dialogar con anticipaci\u00f3n de las propuestas al Consejo de la Judicatura.<\/p>\n\n\n\n<p>Recapitul\u00f3 que hace dos semanas en el Legislativo se aprobaron por unanimidad de votos las reformas al Tribunal Superior de Justicia (TSJ) pero en un breve tiempo se inici\u00f3 con la reestructuraci\u00f3n.<\/p>\n\n\n\n<p>\u201cHace dos semanas aplaud\u00edamos la unanimidad que se logr\u00f3 votar en esta reforma constitucional con la cual se est\u00e1 cambiando el sistema jur\u00eddico (\u2026) creo que por un respeto al acuerdo deber\u00edamos darnos la oportunidad necesaria para poder dialogarlo con anticipaci\u00f3n\u201d, expres\u00f3.<\/p>\n\n\n\n<p>El presidente de la Junta de Gobierno y Coordinaci\u00f3n Pol\u00edtica, Sergio Salom\u00f3n C\u00e9spedes Peregrina, puntualiz\u00f3 que el acuerdo tuvo el aval de las diferentes bancadas que conforman el Congreso local, a excepci\u00f3n del albiazul.<\/p>\n\n\n\n<p>La votaci\u00f3n obtuvo 30 votos a favor y ocho en contra. Horas despu\u00e9s, los miembros del Consejo de la Judicatura rindieron protesta ante el Congreso local.<\/p>\n\n\n\n<p>\u00bfQui\u00e9nes son?<br>Pe\u00f1a Sosa es licenciada en Derecho por la Universidad Panamericana Campus M\u00e9xico, cuenta con una especialidad en Instituciones de Derecho Procesal Civil y Mercantil.<\/p>\n\n\n\n<p>S\u00e1nchez Rold\u00e1n es originario del municipio de Atlixco, egresado de la facultad de Derecho de la Benem\u00e9rita Universidad Aut\u00f3noma de Puebla (BUAP) y cuenta con una maestr\u00eda en Derecho Civil por el Centro de Ciencias Jur\u00eddicas de Puebla.<\/p>\n\n\n\n<p>Ha fungido como juez de primera instancia en los distritos judiciales de Tehuac\u00e1n, Puebla, Zacapoaxtla, Alatriste, Matamoros, Tepexi y Tetela.<\/p>\n\n\n\n<p>Los dos consejeros se desempe\u00f1aban en el Tribunal Superior de Justicia del Estado.<\/p>\n","protected":false},"excerpt":{"rendered":"<p>El Congreso de Puebla design\u00f3 a Joel S\u00e1nchez Rold\u00e1n y Vania Giovana Pe\u00f1asco Sosa como integrantes del Consejo de la Judicatura por un periodo de seis y cuatro a\u00f1os respectivamente. En la sesi\u00f3n ordinaria del jueves, los diputados locales dieron cuenta del acuerdo que emiti\u00f3 la Junta de Gobierno y Coordinaci\u00f3n Pol\u00edtica para elegir a [&hellip;]<\/p>\n","protected":false},"author":4,"featured_media":15529,"comment_status":"open","ping_status":"open","sticky":false,"template":"","format":"standard","meta":{"om_disable_all_campaigns":false,"_monsterinsights_skip_tracking":false,"_monsterinsights_sitenote_active":false,"_monsterinsights_sitenote_note":"","_monsterinsights_sitenote_category":0,"footnotes":""},"categories":[175],"tags":[223],"class_list":["post-15528","post","type-post","status-publish","format-standard","has-post-thumbnail","hentry","category-local","tag-puebla"],"amp_enabled":true,"_links":{"self":[{"href":"https:\/\/lahora.mx\/index.php\/wp-json\/wp\/v2\/posts\/15528","targetHints":{"allow":["GET"]}}],"collection":[{"href":"https:\/\/lahora.mx\/index.php\/wp-json\/wp\/v2\/posts"}],"about":[{"href":"https:\/\/lahora.mx\/index.php\/wp-json\/wp\/v2\/types\/post"}],"author":[{"embeddable":true,"href":"https:\/\/lahora.mx\/index.php\/wp-json\/wp\/v2\/users\/4"}],"replies":[{"embeddable":true,"href":"https:\/\/lahora.mx\/index.php\/wp-json\/wp\/v2\/comments?post=15528"}],"version-history":[{"count":1,"href":"https:\/\/lahora.mx\/index.php\/wp-json\/wp\/v2\/posts\/15528\/revisions"}],"predecessor-version":[{"id":15530,"href":"https:\/\/lahora.mx\/index.php\/wp-json\/wp\/v2\/posts\/15528\/revisions\/15530"}],"wp:featuredmedia":[{"embeddable":true,"href":"https:\/\/lahora.mx\/index.php\/wp-json\/wp\/v2\/media\/15529"}],"wp:attachment":[{"href":"https:\/\/lahora.mx\/index.php\/wp-json\/wp\/v2\/media?parent=15528"}],"wp:term":[{"taxonomy":"category","embeddable":true,"href":"https:\/\/lahora.mx\/index.php\/wp-json\/wp\/v2\/categories?post=15528"},{"taxonomy":"post_tag","embeddable":true,"href":"https:\/\/lahora.mx\/index.php\/wp-json\/wp\/v2\/tags?post=15528"}],"curies":[{"name":"wp","href":"https:\/\/api.w.org\/{rel}","templated":true}]}}