{"id":15522,"date":"2022-10-28T02:30:42","date_gmt":"2022-10-28T02:30:42","guid":{"rendered":"http:\/\/lahora.mx\/?p=15522"},"modified":"2022-10-28T02:30:43","modified_gmt":"2022-10-28T02:30:43","slug":"revela-manuel-espino-que-trabaja-en-propuesta-de-dialogo-entre-gobierno-federal-y-grupos-criminales","status":"publish","type":"post","link":"https:\/\/lahora.mx\/index.php\/2022\/10\/28\/revela-manuel-espino-que-trabaja-en-propuesta-de-dialogo-entre-gobierno-federal-y-grupos-criminales\/","title":{"rendered":"Revela Manuel Espino que trabaja en propuesta de di\u00e1logo entre gobierno federal y grupos criminales"},"content":{"rendered":"\n<p class=\"wp-block-paragraph\">El excomisionado del Servicio de Protecci\u00f3n Federal (SPF), Manuel Espino Barrientos, revel\u00f3 que plante\u00f3 al secretario de Gobernaci\u00f3n, Ad\u00e1n Augusto L\u00f3pez, que el gobierno federal dialogue con los grupos criminales para pacificar al pa\u00eds, por lo que hizo llegar una propuesta a diversas organizaciones delictivas y ya recibi\u00f3 respuesta positiva de dos de ellas.<\/p>\n\n\n\n<p class=\"wp-block-paragraph\">Al participar en el Foro Internacional \u201cSeguridad y Justicia por un M\u00e9xico mejor\u201d, realizado en el Senado de la Rep\u00fablica, el exfuncionario federal relat\u00f3 que en abril pasado platic\u00f3 sobre este tema con el presidente Andr\u00e9s Manuel Lopez Obrador, a quien le record\u00f3 que su principal oferta en campa\u00f1a era abonar a la pacificaci\u00f3n. \u201cY le dec\u00eda yo entonces al Presidente que no solamente no lo hemos logrado, sino que lo hemos empeorado. Hoy estamos peor que al principio en materia de seguridad y le ofrec\u00ed llevarle una propuesta y le dije que iba a hacer muy atrevida\u201d.<\/p>\n\n\n\n<p class=\"wp-block-paragraph\">Coment\u00f3 que insinu\u00f3 su propuesta a la secretaria de Seguridad y Protecci\u00f3n Ciudadana, Rosa Icela Rodr\u00edguez, pero \u201cme fustig\u00f3, porque yo le dec\u00eda a la secretaria que no podemos descartar a priori acordar con los grupos criminales\u201d.<\/p>\n\n\n\n<p class=\"wp-block-paragraph\">Lee tambi\u00e9n: Cuestionan en redes chats revelados por Layda; siempre con la misma hora, 100% de bater\u00eda y conexi\u00f3n a WiFi<\/p>\n\n\n\n<p class=\"wp-block-paragraph\">Espino Barrientos sostiene que llegar a un acuerdo con el crimen organizado no es una ocurrencia y est\u00e1 comprobado que da resultados.<\/p>\n\n\n\n<p class=\"wp-block-paragraph\">\u201cYo le dije al secretario de Gobernaci\u00f3n que la propuesta que puse en sus manos era buscar la manera de hacerla llegar a alguno de los grupos del crimen organizado en M\u00e9xico, y logr\u00e9 hacerla llegar, y solamente recib\u00ed respuesta de dos: \u2018Si esto se hace en Mexico le entramos\u2019.<\/p>\n\n\n\n<p class=\"wp-block-paragraph\">\u201cEstamos en esa tarea, no quiero abundar m\u00e1s porque luego me pueden acusar de indiscreto. Lo que quiero decir es que esas cosas dan resultados, me consta que dan resultados, lo vi en Ciudad Ju\u00e1rez, lo vi en El Salvador, lo vi en Colombia\u201d, puntualiz\u00f3.<\/p>\n\n\n\n<p class=\"wp-block-paragraph\">El excomisionado del SPF resalt\u00f3 que el gobierno est\u00e1 ante una disyuntiva, \u201co construimos la paz con justicia social, o seguimos juntando a la guerrita, mantenemos una confrontaci\u00f3n directa con los grupos criminales y nos acostumbramos a los efectos colaterales\u201d.<\/p>\n\n\n\n<p class=\"wp-block-paragraph\">Ante legisladores y especialistas convocados por el Senado, Manuel Espino subray\u00f3:<\/p>\n\n\n\n<p class=\"wp-block-paragraph\">\u201cLo que yo vengo a plantear es que nos abramos a la posibilidad de los acuerdos, no de cualquier manera, no con cualquiera, y que no materialice tampoco los acuerdos cualquiera. No es seguir el criterio, como me han dicho: \u2018es que eso es aplicar el criterio que el fin justifica los medios\u2019, no, no es eso. Es aplicar un criterio que hace a\u00f1os, no s\u00e9 si todav\u00eda, la iglesia le llamaba \u2018del segundo efecto\u2019, que acepto consentir que para conseguir un bien mayor consiento un mal menor, pero que me ayude a resolver lo peor. Y aqu\u00ed tal vez el mal menor es dialogar y acordar con ellos, y se puede, atendiendo sus intereses tambi\u00e9n, que los tienen\u201d, apunt\u00f3.<\/p>\n\n\n\n<p class=\"wp-block-paragraph\">El exfuncionario detall\u00f3 que en sus conversaciones con el secretario de Gobernaci\u00f3n, ha tratado de convencerlo de que la estrategia de congelar cuentas y quitarle el dinero a los criminales ni es correcta.<\/p>\n\n\n\n<p class=\"wp-block-paragraph\">\u201cEl dinero no es ni bueno ni malo. Le dec\u00eda al secretario de Gobernaci\u00f3n, el dinero tiene un efecto parecido al del tequila. El tequila no emborracha, se emborracha el pendejo que no sabe tomar el tequila. El dinero es as\u00ed, ni bueno ni malo. Si ustedes insisten en perseguir y quitarles el dinero, mal\u201d, subray\u00f3.<\/p>\n","protected":false},"excerpt":{"rendered":"<p>El excomisionado del Servicio de Protecci\u00f3n Federal (SPF), Manuel Espino Barrientos, revel\u00f3 que plante\u00f3 al secretario de Gobernaci\u00f3n, Ad\u00e1n Augusto L\u00f3pez, que el gobierno federal dialogue con los grupos criminales para pacificar al pa\u00eds, por lo que hizo llegar una propuesta a diversas organizaciones delictivas y ya recibi\u00f3 respuesta positiva de dos de ellas. Al [&hellip;]<\/p>\n","protected":false},"author":4,"featured_media":15523,"comment_status":"open","ping_status":"open","sticky":false,"template":"","format":"standard","meta":{"om_disable_all_campaigns":false,"_monsterinsights_skip_tracking":false,"footnotes":""},"categories":[176],"tags":[],"class_list":["post-15522","post","type-post","status-publish","format-standard","has-post-thumbnail","hentry","category-nacional"],"amp_enabled":true,"_links":{"self":[{"href":"https:\/\/lahora.mx\/index.php\/wp-json\/wp\/v2\/posts\/15522","targetHints":{"allow":["GET"]}}],"collection":[{"href":"https:\/\/lahora.mx\/index.php\/wp-json\/wp\/v2\/posts"}],"about":[{"href":"https:\/\/lahora.mx\/index.php\/wp-json\/wp\/v2\/types\/post"}],"author":[{"embeddable":true,"href":"https:\/\/lahora.mx\/index.php\/wp-json\/wp\/v2\/users\/4"}],"replies":[{"embeddable":true,"href":"https:\/\/lahora.mx\/index.php\/wp-json\/wp\/v2\/comments?post=15522"}],"version-history":[{"count":1,"href":"https:\/\/lahora.mx\/index.php\/wp-json\/wp\/v2\/posts\/15522\/revisions"}],"predecessor-version":[{"id":15524,"href":"https:\/\/lahora.mx\/index.php\/wp-json\/wp\/v2\/posts\/15522\/revisions\/15524"}],"wp:featuredmedia":[{"embeddable":true,"href":"https:\/\/lahora.mx\/index.php\/wp-json\/wp\/v2\/media\/15523"}],"wp:attachment":[{"href":"https:\/\/lahora.mx\/index.php\/wp-json\/wp\/v2\/media?parent=15522"}],"wp:term":[{"taxonomy":"category","embeddable":true,"href":"https:\/\/lahora.mx\/index.php\/wp-json\/wp\/v2\/categories?post=15522"},{"taxonomy":"post_tag","embeddable":true,"href":"https:\/\/lahora.mx\/index.php\/wp-json\/wp\/v2\/tags?post=15522"}],"curies":[{"name":"wp","href":"https:\/\/api.w.org\/{rel}","templated":true}]}}