{"id":15453,"date":"2022-10-26T19:04:42","date_gmt":"2022-10-26T19:04:42","guid":{"rendered":"http:\/\/lahora.mx\/?p=15453"},"modified":"2022-10-26T19:04:43","modified_gmt":"2022-10-26T19:04:43","slug":"contenido-basura-falso-y-truqueado-supuesta-conversacion-con-alito-moreno-monreal","status":"publish","type":"post","link":"https:\/\/lahora.mx\/index.php\/2022\/10\/26\/contenido-basura-falso-y-truqueado-supuesta-conversacion-con-alito-moreno-monreal\/","title":{"rendered":"Contenido basura, falso y truqueado supuesta conversaci\u00f3n con &#8216;Alito&#8217; Moreno: Monreal"},"content":{"rendered":"\n<p class=\"wp-block-paragraph\">Ricardo Monreal afirm\u00f3 a trav\u00e9s de sus redes sociales que el supuesto di\u00e1logo con Alejandro Moreno C\u00e1rdenas, l\u00edder nacional del PRI, donde se le involucra es falso.<\/p>\n\n\n\n<p class=\"wp-block-paragraph\">\u201cPor eso, independientemente del contenido basura, falso y truqueado de las intervenciones privadas ilegales, de las conversaciones privadas, es inaceptable que nos acostumbremos, que se vulnera la ley a capricho del gobernante o de la gobernante, y no sucede nada, no hay ninguna consecuencia\u201d, expres\u00f3.<\/p>\n\n\n\n<p class=\"wp-block-paragraph\">Monreal \u00c1vila indic\u00f3 que ejercer\u00e1 su derecho ante instancias legales para denunciar las acciones en su contra, las cuales buscan eliminarlo de la contienda presidencial, y subray\u00f3 que va a resistir.<\/p>\n\n\n\n<p class=\"wp-block-paragraph\">\u201cComo se\u00f1al\u00e9: voy a actuar, y ejercer mi derecho oportunamente ante las instancias legales competentes, y no voy a ceder, no voy a cejar hasta que se cumpla con la Constituci\u00f3n y la ley. Vamos a resistir\u201d, indic\u00f3.<\/p>\n\n\n\n<p class=\"wp-block-paragraph\">Se\u00f1al\u00f3 que lo publicado por la gobernadora de Campeche, Layda Sansores, donde presuntamente mantiene un di\u00e1logo con el l\u00edder priista para ayudarlo a legalizar parte de sus propiedades, promoviendo influencias con jueces, es una guerra sucia.<\/p>\n\n\n\n<p class=\"wp-block-paragraph\">\u201cSe han multiplicado las descalificaciones y los ataques no s\u00f3lo externos, sino internos, promovidos, patrocinados y tolerados desde las oficinas del aspirante y los aspirantes al mismo cargo, algo lamentable.<\/p>\n\n\n\n<p class=\"wp-block-paragraph\">\u201cLa campa\u00f1a anticipada ha provocado esta situaci\u00f3n y se reedita y se recicla la guerra sucia en nuestra contra, porque se quiere eliminar a la mala, con dinero legal o ilegal, y con estrategias burdas para quienes aspiramos leg\u00edtimamente en mejorar y continuar la transformaci\u00f3n de nuestro pa\u00eds\u201d, apunt\u00f3.<\/p>\n\n\n\n<p class=\"wp-block-paragraph\">El coordinador de los senadores de Morena dijo que se busca orillarlo a un \u201ccamino de dif\u00edcil retorno\u201d, lo cual se les revertir\u00e1 como un b\u00fameran a sus adversarios al interior del partido.<\/p>\n\n\n\n<p class=\"wp-block-paragraph\">\u201cAl menos por mi parte, creo que ya se ha iniciado una ruta pol\u00edtica de dif\u00edcil retorno, que en efecto terminar\u00e1 como boomerang para quienes creen que la intriga, la falsedad han triunfado a partir de ayer\u201d, expuso Ricardo Monreal.<\/p>\n","protected":false},"excerpt":{"rendered":"<p>Ricardo Monreal afirm\u00f3 a trav\u00e9s de sus redes sociales que el supuesto di\u00e1logo con Alejandro Moreno C\u00e1rdenas, l\u00edder nacional del PRI, donde se le involucra es falso. \u201cPor eso, independientemente del contenido basura, falso y truqueado de las intervenciones privadas ilegales, de las conversaciones privadas, es inaceptable que nos acostumbremos, que se vulnera la ley [&hellip;]<\/p>\n","protected":false},"author":4,"featured_media":15454,"comment_status":"open","ping_status":"open","sticky":false,"template":"","format":"standard","meta":{"om_disable_all_campaigns":false,"_monsterinsights_skip_tracking":false,"_monsterinsights_sitenote_active":false,"_monsterinsights_sitenote_note":"","_monsterinsights_sitenote_category":0,"footnotes":""},"categories":[1],"tags":[195,223],"class_list":["post-15453","post","type-post","status-publish","format-standard","has-post-thumbnail","hentry","category-sin-categoria","tag-principal","tag-puebla"],"amp_enabled":true,"_links":{"self":[{"href":"https:\/\/lahora.mx\/index.php\/wp-json\/wp\/v2\/posts\/15453","targetHints":{"allow":["GET"]}}],"collection":[{"href":"https:\/\/lahora.mx\/index.php\/wp-json\/wp\/v2\/posts"}],"about":[{"href":"https:\/\/lahora.mx\/index.php\/wp-json\/wp\/v2\/types\/post"}],"author":[{"embeddable":true,"href":"https:\/\/lahora.mx\/index.php\/wp-json\/wp\/v2\/users\/4"}],"replies":[{"embeddable":true,"href":"https:\/\/lahora.mx\/index.php\/wp-json\/wp\/v2\/comments?post=15453"}],"version-history":[{"count":1,"href":"https:\/\/lahora.mx\/index.php\/wp-json\/wp\/v2\/posts\/15453\/revisions"}],"predecessor-version":[{"id":15455,"href":"https:\/\/lahora.mx\/index.php\/wp-json\/wp\/v2\/posts\/15453\/revisions\/15455"}],"wp:featuredmedia":[{"embeddable":true,"href":"https:\/\/lahora.mx\/index.php\/wp-json\/wp\/v2\/media\/15454"}],"wp:attachment":[{"href":"https:\/\/lahora.mx\/index.php\/wp-json\/wp\/v2\/media?parent=15453"}],"wp:term":[{"taxonomy":"category","embeddable":true,"href":"https:\/\/lahora.mx\/index.php\/wp-json\/wp\/v2\/categories?post=15453"},{"taxonomy":"post_tag","embeddable":true,"href":"https:\/\/lahora.mx\/index.php\/wp-json\/wp\/v2\/tags?post=15453"}],"curies":[{"name":"wp","href":"https:\/\/api.w.org\/{rel}","templated":true}]}}