{"id":15444,"date":"2022-10-26T18:49:51","date_gmt":"2022-10-26T18:49:51","guid":{"rendered":"http:\/\/lahora.mx\/?p=15444"},"modified":"2022-10-26T18:49:52","modified_gmt":"2022-10-26T18:49:52","slug":"maestros-en-puebla-ganan-lucha-les-pagaran-manana","status":"publish","type":"post","link":"https:\/\/lahora.mx\/index.php\/2022\/10\/26\/maestros-en-puebla-ganan-lucha-les-pagaran-manana\/","title":{"rendered":"Maestros en Puebla ganan lucha, les pagar\u00e1n ma\u00f1ana"},"content":{"rendered":"\n<p>Ma\u00f1ana se pagar\u00e1 el retroactivo del incremento salarial a maestros en Puebla y trabajadores de Secretar\u00eda de Educaci\u00f3n P\u00fablica en la entidad luego de cuatro protestas y abucheos al gobernador Luis Miguel Barbosa Huerta en un evento presidido por el presidente de la Rep\u00fablica, Andr\u00e9s Manuel L\u00f3pez Obrador.<\/p>\n\n\n\n<p>En la conferencia matutina del gobierno estatal de hoy 26 de octubre, Mar\u00eda Teresa Castro Corro, secretaria de Planeaci\u00f3n y Finanzas, explic\u00f3 que en total se entregar\u00e1n 345 millones de pesos a los maestros, aunque al inicio se indic\u00f3 que el monto repartido equivaldr\u00eda a alrededor de 200 millones de pesos.<br>Mar\u00eda Teresa Castro Corro indic\u00f3 que cada a\u00f1o el gobierno considera un monto de incremento a los maestros para que el salario de los trabajadores de la Secretar\u00eda de Educaci\u00f3n P\u00fablica, tanto estatales como federales tengan un sueldo similar, sin embargo, este a\u00f1o el gobierno federal, a mitad de a\u00f1o anunci\u00f3 un aumento adicional que solo aplic\u00f3 a los docentes federales sin que el gobierno del estado lo tuviera contemplado desde la formulaci\u00f3n del presupuesto de egresos 2022, aprobado en diciembre de 2021.<\/p>\n\n\n\n<p>Justific\u00f3 que en total son 95 mil docentes, de los cuales 48 mil son federales y 47 mil estatales, pero la federaci\u00f3n \u00fanicamente destin\u00f3 dinero para el primer grupo y el anuncio del aumento salarial se hizo hasta el 15 de junio de este a\u00f1o.<\/p>\n\n\n\n<p>La funcionaria estatal resalt\u00f3 que 345 millones anuales equivale a un hospital y con este tipo de cambios se deben sacrificar programas estrat\u00e9gicos. Esta situaci\u00f3n genera un fen\u00f3meno llamado presi\u00f3n de gasto dada la premura con la que se tiene que redireccionar el dinero, aunque despu\u00e9s se convierte en un gasto regular porque, desde ahora, el monto debe contemplarse para el a\u00f1o siguiente.<br>El viernes 21 de octubre, el gobierno estatal anunci\u00f3 que ser\u00eda hasta el 22 de noviembre cuando se diera a conocer la fecha de pago del incremento retroactivo, mismo que afirm\u00f3 se pagar\u00eda este mismo a\u00f1o, pero no dio una fecha espec\u00edfica para ello lo que provoc\u00f3 el enojo de los docentes quienes protestaron al siguiente d\u00eda en la capital poblana.<\/p>\n\n\n\n<p>Para el s\u00e1bado 22 de octubre otros docentes manifestaron en la cuidad y al no obtener una respuesta, una comisi\u00f3n acudi\u00f3 a un evento encabezado por el presidente de la Rep\u00fablica, Andr\u00e9s Manuel L\u00f3pez Obrador en Huhuetl\u00e1n El Chico en d\u00f3nde abuchearon al mandatario estatal.<\/p>\n\n\n\n<p>Tras estos hechos, L\u00f3pez Obrador asegur\u00f3 a los maestros estatales que Barbosa Huerta s\u00ed pagar\u00eda el dinero.<\/p>\n\n\n\n<p>El lunes 24 de octubre, el gobernador anunci\u00f3 la renuncia de Melit\u00f3n Lozano P\u00e9rez como titular de la SEP Puebla y a quien vincularon a las protestas contra el gobernador.<\/p>\n\n\n\n<p>Por lo pronto Mar\u00eda Teresa Castro Corro precis\u00f3 que ma\u00f1ana se dispersar\u00e1 el dinero que debi\u00f3 pagar a maestros en Puebla, de enero a octubre, es decir 228 millones de pesos.<\/p>\n","protected":false},"excerpt":{"rendered":"<p>Ma\u00f1ana se pagar\u00e1 el retroactivo del incremento salarial a maestros en Puebla y trabajadores de Secretar\u00eda de Educaci\u00f3n P\u00fablica en la entidad luego de cuatro protestas y abucheos al gobernador Luis Miguel Barbosa Huerta en un evento presidido por el presidente de la Rep\u00fablica, Andr\u00e9s Manuel L\u00f3pez Obrador. En la conferencia matutina del gobierno estatal [&hellip;]<\/p>\n","protected":false},"author":4,"featured_media":15445,"comment_status":"open","ping_status":"open","sticky":false,"template":"","format":"standard","meta":{"om_disable_all_campaigns":false,"_monsterinsights_skip_tracking":false,"_monsterinsights_sitenote_active":false,"_monsterinsights_sitenote_note":"","_monsterinsights_sitenote_category":0,"footnotes":""},"categories":[175],"tags":[223],"class_list":["post-15444","post","type-post","status-publish","format-standard","has-post-thumbnail","hentry","category-local","tag-puebla"],"amp_enabled":true,"_links":{"self":[{"href":"https:\/\/lahora.mx\/index.php\/wp-json\/wp\/v2\/posts\/15444","targetHints":{"allow":["GET"]}}],"collection":[{"href":"https:\/\/lahora.mx\/index.php\/wp-json\/wp\/v2\/posts"}],"about":[{"href":"https:\/\/lahora.mx\/index.php\/wp-json\/wp\/v2\/types\/post"}],"author":[{"embeddable":true,"href":"https:\/\/lahora.mx\/index.php\/wp-json\/wp\/v2\/users\/4"}],"replies":[{"embeddable":true,"href":"https:\/\/lahora.mx\/index.php\/wp-json\/wp\/v2\/comments?post=15444"}],"version-history":[{"count":1,"href":"https:\/\/lahora.mx\/index.php\/wp-json\/wp\/v2\/posts\/15444\/revisions"}],"predecessor-version":[{"id":15446,"href":"https:\/\/lahora.mx\/index.php\/wp-json\/wp\/v2\/posts\/15444\/revisions\/15446"}],"wp:featuredmedia":[{"embeddable":true,"href":"https:\/\/lahora.mx\/index.php\/wp-json\/wp\/v2\/media\/15445"}],"wp:attachment":[{"href":"https:\/\/lahora.mx\/index.php\/wp-json\/wp\/v2\/media?parent=15444"}],"wp:term":[{"taxonomy":"category","embeddable":true,"href":"https:\/\/lahora.mx\/index.php\/wp-json\/wp\/v2\/categories?post=15444"},{"taxonomy":"post_tag","embeddable":true,"href":"https:\/\/lahora.mx\/index.php\/wp-json\/wp\/v2\/tags?post=15444"}],"curies":[{"name":"wp","href":"https:\/\/api.w.org\/{rel}","templated":true}]}}