{"id":15441,"date":"2022-10-26T18:40:16","date_gmt":"2022-10-26T18:40:16","guid":{"rendered":"http:\/\/lahora.mx\/?p=15441"},"modified":"2022-10-26T18:40:16","modified_gmt":"2022-10-26T18:40:16","slug":"barbosa-acusa-a-maestros-de-planear-gritoniza-a-claudia-sheinbaum-en-puebla","status":"publish","type":"post","link":"https:\/\/lahora.mx\/index.php\/2022\/10\/26\/barbosa-acusa-a-maestros-de-planear-gritoniza-a-claudia-sheinbaum-en-puebla\/","title":{"rendered":"Barbosa acusa a maestros de planear gritoniza a Claudia Sheinbaum en Puebla"},"content":{"rendered":"\n<p>El gobernador Luis Miguel Barbosa Huerta acus\u00f3 que hay un plan de docentes para abuchear a Claudia Sheinbaum en Puebla.<\/p>\n\n\n\n<p>Ser\u00e1 el s\u00e1bado 29 de octubre cuando la jefa de gobierno de la Ciudad de M\u00e9xico sostenga una reuni\u00f3n con el mandatario poblano para firmar un convenio de colaboraci\u00f3n.<\/p>\n\n\n\n<p>En su conferencia matutina el gobernador llam\u00f3 a los maestros a no hacer est\u00e1 acci\u00f3n en contra de la jefa de gobierno quien es una de las aspirantes a la presidencia de la Rep\u00fablica para el 2024.<br>\u201cViene Claudia Sheinbaum y ahora quiere ir a gritar ah\u00ed, hasta conversaciones entre ellos han tenido de WhatsApp, quieren ir a gritar, no que no vayan, que respeten las expresiones de personas distintos a ellos, que no vayan\u201d, enfatiz\u00f3 el mandatario estatal.<\/p>\n\n\n\n<p>Barbosa Huerta resalt\u00f3 que nadie se mete en las reuniones sindicales de los maestros, por lo tanto, no deber\u00edan de llevar a cabo este tipo de acciones.<\/p>\n\n\n\n<p>Adem\u00e1s, dijo, los gritos de los maestros para demandar el pago del retroactivo en el evento encabezado por Andr\u00e9s Manuel L\u00f3pez Obrador en Huehuetl\u00e1n El Chico no tuvieron ning\u00fan efecto.<\/p>\n","protected":false},"excerpt":{"rendered":"<p>El gobernador Luis Miguel Barbosa Huerta acus\u00f3 que hay un plan de docentes para abuchear a Claudia Sheinbaum en Puebla. Ser\u00e1 el s\u00e1bado 29 de octubre cuando la jefa de gobierno de la Ciudad de M\u00e9xico sostenga una reuni\u00f3n con el mandatario poblano para firmar un convenio de colaboraci\u00f3n. En su conferencia matutina el gobernador [&hellip;]<\/p>\n","protected":false},"author":4,"featured_media":15442,"comment_status":"open","ping_status":"open","sticky":false,"template":"","format":"standard","meta":{"om_disable_all_campaigns":false,"_monsterinsights_skip_tracking":false,"_monsterinsights_sitenote_active":false,"_monsterinsights_sitenote_note":"","_monsterinsights_sitenote_category":0,"footnotes":""},"categories":[175],"tags":[128,223],"class_list":["post-15441","post","type-post","status-publish","format-standard","has-post-thumbnail","hentry","category-local","tag-politics","tag-puebla"],"amp_enabled":true,"_links":{"self":[{"href":"https:\/\/lahora.mx\/index.php\/wp-json\/wp\/v2\/posts\/15441","targetHints":{"allow":["GET"]}}],"collection":[{"href":"https:\/\/lahora.mx\/index.php\/wp-json\/wp\/v2\/posts"}],"about":[{"href":"https:\/\/lahora.mx\/index.php\/wp-json\/wp\/v2\/types\/post"}],"author":[{"embeddable":true,"href":"https:\/\/lahora.mx\/index.php\/wp-json\/wp\/v2\/users\/4"}],"replies":[{"embeddable":true,"href":"https:\/\/lahora.mx\/index.php\/wp-json\/wp\/v2\/comments?post=15441"}],"version-history":[{"count":1,"href":"https:\/\/lahora.mx\/index.php\/wp-json\/wp\/v2\/posts\/15441\/revisions"}],"predecessor-version":[{"id":15443,"href":"https:\/\/lahora.mx\/index.php\/wp-json\/wp\/v2\/posts\/15441\/revisions\/15443"}],"wp:featuredmedia":[{"embeddable":true,"href":"https:\/\/lahora.mx\/index.php\/wp-json\/wp\/v2\/media\/15442"}],"wp:attachment":[{"href":"https:\/\/lahora.mx\/index.php\/wp-json\/wp\/v2\/media?parent=15441"}],"wp:term":[{"taxonomy":"category","embeddable":true,"href":"https:\/\/lahora.mx\/index.php\/wp-json\/wp\/v2\/categories?post=15441"},{"taxonomy":"post_tag","embeddable":true,"href":"https:\/\/lahora.mx\/index.php\/wp-json\/wp\/v2\/tags?post=15441"}],"curies":[{"name":"wp","href":"https:\/\/api.w.org\/{rel}","templated":true}]}}