{"id":15437,"date":"2022-10-26T18:31:01","date_gmt":"2022-10-26T18:31:01","guid":{"rendered":"http:\/\/lahora.mx\/?p=15437"},"modified":"2022-10-26T18:31:03","modified_gmt":"2022-10-26T18:31:03","slug":"ayuntamiento-de-puebla-limpio-mas-de-3-mil-kilometros-en-el-primer-mes-de-programa-limpieza-urbana-integral","status":"publish","type":"post","link":"https:\/\/lahora.mx\/index.php\/2022\/10\/26\/ayuntamiento-de-puebla-limpio-mas-de-3-mil-kilometros-en-el-primer-mes-de-programa-limpieza-urbana-integral\/","title":{"rendered":"Ayuntamiento de Puebla limpi\u00f3 m\u00e1s de 3 mil kil\u00f3metros en el primer mes de programa limpieza urbana integral"},"content":{"rendered":"\n<p>A un mes de haber iniciado el programa de Limpieza Urbana Integral, el Organismo Operador del Servicio de Limpia (OOSL) est\u00e1 embelleciendo las calles de Puebla capital, con un trabajo eficiente que suma por una Ciudad de 10, pues hasta a la fecha las barredoras mec\u00e1nicas han limpiado m\u00e1s de tres mil 500 kil\u00f3metros de v\u00eda p\u00fablica, recolectando 110 toneladas de basura, inform\u00f3 Eduardo Rivera P\u00e9rez, Presidente Municipal.<\/p>\n\n\n\n<p>Fue desde el bulevar 38 Sur, en La Margarita, que el Alcalde dio a conocer estos avances, detallando que \u201ceste servicio est\u00e1 trabajando todos los d\u00edas de la semana se cubren 90 vialidades entre principales, subregionales, primarias, secundarias en 11 rutas\u201d, lo cual se complementa con los trabajos de limpieza de las cuadrillas que acompa\u00f1an los veh\u00edculos, pues gracias a su labor tambi\u00e9n se han retirado adhesivos, carteles y pegatinas de postes, se recolectan residuos de camellones y calles, y se hidrolavan aceras y botes papeleros.<\/p>\n\n\n\n<figure class=\"wp-block-image size-full\"><img fetchpriority=\"high\" decoding=\"async\" width=\"661\" height=\"446\" src=\"https:\/\/lahora.mx\/wp-content\/uploads\/2022\/10\/Captura-de-pantalla-2022-10-26-a-las-13.22.26.png\" alt=\"\" class=\"wp-image-15439\" srcset=\"https:\/\/lahora.mx\/wp-content\/uploads\/2022\/10\/Captura-de-pantalla-2022-10-26-a-las-13.22.26.png 661w, https:\/\/lahora.mx\/wp-content\/uploads\/2022\/10\/Captura-de-pantalla-2022-10-26-a-las-13.22.26-300x202.png 300w\" sizes=\"(max-width: 661px) 100vw, 661px\" \/><\/figure>\n\n\n\n<p>Es as\u00ed como la estrategia de Limpieza Urbana Integral ha permitido realizar un trabajo cada vez m\u00e1s r\u00e1pido para atender las grandes necesidades de la ciudad, protegiendo con ello al grupo de barrido manual de las y los \u201cNaranjitas\u201d, pues se evita ponerles en riesgo en vialidades de alta velocidad, mientras se respalda su trabajo con tecnolog\u00eda de vanguardia, destac\u00f3 Myriam Arabian Couttolenc, Coordinadora del OOSL.<\/p>\n\n\n\n<p>\u201cLos poblanos merecen saber c\u00f3mo se est\u00e1 invirtiendo el dinero, y nosotros [gobierno] tener la certeza de que lo que estamos planeando y proponiendo se est\u00e9 llevando a cabo\u201c agreg\u00f3 la funcionaria, coincidiendo con Leobardo Soto Enr\u00edquez, Regidor Presidente de la Comisi\u00f3n del Trabajo, en que la cultura de la transparencia es un factor determinante en el despliegue de esta iniciativa concesionada, por ello se mantiene \u2013y mantendr\u00e1\u2014 un ejercicio de verificaci\u00f3n en tiempo real de los recorridos de las barredoras, sus distancias, las ubicaciones que alcanzan y hasta las funciones del operador de la misma, tal y como lo detall\u00f3 en su oportunidad Beatriz Adriana Rodr\u00edguez L\u00f3pez, Representante de Biosinergias Ambientales, empresa a cargo de brindar el servicio.<\/p>\n\n\n\n<p>A la presentaci\u00f3n de estos avances del programa de Limpieza Urbana Integral tambi\u00e9n asisti\u00f3 Ad\u00e1n Dom\u00ednguez S\u00e1nchez, Gerente Municipal; X\u00f3chitl Z\u00e1rate Tejeda, Secretaria de Servicios P\u00fablicos; Enrique Guevara Montiel, Director de Normatividad y Regulaci\u00f3n Comercial de la Tesorer\u00eda Municipal; Miguel \u00c1ngel Casta\u00f1eda Lezama, Polic\u00eda de Tr\u00e1nsito Municipal; y Jos\u00e9 \u00c1ngel Garc\u00eda Herrera, Presidente Auxiliar de Ignacio Zaragoza.<\/p>\n","protected":false},"excerpt":{"rendered":"<p>A un mes de haber iniciado el programa de Limpieza Urbana Integral, el Organismo Operador del Servicio de Limpia (OOSL) est\u00e1 embelleciendo las calles de Puebla capital, con un trabajo eficiente que suma por una Ciudad de 10, pues hasta a la fecha las barredoras mec\u00e1nicas han limpiado m\u00e1s de tres mil 500 kil\u00f3metros de [&hellip;]<\/p>\n","protected":false},"author":4,"featured_media":15438,"comment_status":"open","ping_status":"open","sticky":false,"template":"","format":"standard","meta":{"om_disable_all_campaigns":false,"_monsterinsights_skip_tracking":false,"_monsterinsights_sitenote_active":false,"_monsterinsights_sitenote_note":"","_monsterinsights_sitenote_category":0,"footnotes":""},"categories":[175],"tags":[],"class_list":["post-15437","post","type-post","status-publish","format-standard","has-post-thumbnail","hentry","category-local"],"amp_enabled":true,"_links":{"self":[{"href":"https:\/\/lahora.mx\/index.php\/wp-json\/wp\/v2\/posts\/15437","targetHints":{"allow":["GET"]}}],"collection":[{"href":"https:\/\/lahora.mx\/index.php\/wp-json\/wp\/v2\/posts"}],"about":[{"href":"https:\/\/lahora.mx\/index.php\/wp-json\/wp\/v2\/types\/post"}],"author":[{"embeddable":true,"href":"https:\/\/lahora.mx\/index.php\/wp-json\/wp\/v2\/users\/4"}],"replies":[{"embeddable":true,"href":"https:\/\/lahora.mx\/index.php\/wp-json\/wp\/v2\/comments?post=15437"}],"version-history":[{"count":1,"href":"https:\/\/lahora.mx\/index.php\/wp-json\/wp\/v2\/posts\/15437\/revisions"}],"predecessor-version":[{"id":15440,"href":"https:\/\/lahora.mx\/index.php\/wp-json\/wp\/v2\/posts\/15437\/revisions\/15440"}],"wp:featuredmedia":[{"embeddable":true,"href":"https:\/\/lahora.mx\/index.php\/wp-json\/wp\/v2\/media\/15438"}],"wp:attachment":[{"href":"https:\/\/lahora.mx\/index.php\/wp-json\/wp\/v2\/media?parent=15437"}],"wp:term":[{"taxonomy":"category","embeddable":true,"href":"https:\/\/lahora.mx\/index.php\/wp-json\/wp\/v2\/categories?post=15437"},{"taxonomy":"post_tag","embeddable":true,"href":"https:\/\/lahora.mx\/index.php\/wp-json\/wp\/v2\/tags?post=15437"}],"curies":[{"name":"wp","href":"https:\/\/api.w.org\/{rel}","templated":true}]}}