{"id":15426,"date":"2022-10-26T02:43:35","date_gmt":"2022-10-26T02:43:35","guid":{"rendered":"http:\/\/lahora.mx\/?p=15426"},"modified":"2022-10-26T02:43:36","modified_gmt":"2022-10-26T02:43:36","slug":"ayuntamiento-de-puebla-promueve-campana-de-regulacion-de-anuncios-toldos-y-lonas-en-el-centro-historico","status":"publish","type":"post","link":"https:\/\/lahora.mx\/index.php\/2022\/10\/26\/ayuntamiento-de-puebla-promueve-campana-de-regulacion-de-anuncios-toldos-y-lonas-en-el-centro-historico\/","title":{"rendered":"Ayuntamiento de Puebla promueve campa\u00f1a de regulaci\u00f3n de anuncios, toldos y lonas en el centro hist\u00f3rico"},"content":{"rendered":"\n<p>Con el objetivo de preservar la imagen urbana del Centro Hist\u00f3rico y las caracter\u00edsticas arquitect\u00f3nicas del patrimonio edificado reconocido por la Organizaci\u00f3n de las Naciones Unidas para la Educaci\u00f3n, la Ciencia y la Cultura (UNESCO), el Ayuntamiento de Puebla que preside Eduardo Rivera P\u00e9rez, a trav\u00e9s de la Gerencia Municipal, la Gerencia del Centro Hist\u00f3rico y Patrimonio Cultural (GCHPC) y la Secretar\u00eda de Gesti\u00f3n y Desarrollo Urbano (SGyDU), en colaboraci\u00f3n con el Centro INAH Puebla, realizar\u00e1n una campa\u00f1a de regularizaci\u00f3n de anuncios, toldos y lonas a partir de este mes y hasta el 31 de enero de 2023.<\/p>\n\n\n\n<p>Esta campa\u00f1a promover\u00e1 por distintos medios y formatos una gu\u00eda ilustrada para colocar de forma correcta anuncios, toldos y lonas en inmuebles p\u00fablicos o privados de la Zona de Monumentos de la ciudad, la cual es reconocida como Bien Cultural del Patrimonio Mundial desde 1987.<\/p>\n\n\n\n<p>Esta gu\u00eda est\u00e1 dise\u00f1ada con base en la normativa federal del INAH y el C\u00f3digo Reglamentario para el Municipio de Puebla (COREMUN) y busca evitar la contaminaci\u00f3n visual, la iluminaci\u00f3n inadecuada y saturaci\u00f3n de inmuebles con elementos publicitarios, as\u00ed como salvaguardar la integridad de los transe\u00fantes.<\/p>\n\n\n\n<figure class=\"wp-block-image size-full\"><img fetchpriority=\"high\" decoding=\"async\" width=\"700\" height=\"456\" src=\"https:\/\/lahora.mx\/wp-content\/uploads\/2022\/10\/Captura-de-pantalla-2022-10-25-a-las-21.41.32.png\" alt=\"\" class=\"wp-image-15428\" srcset=\"https:\/\/lahora.mx\/wp-content\/uploads\/2022\/10\/Captura-de-pantalla-2022-10-25-a-las-21.41.32.png 700w, https:\/\/lahora.mx\/wp-content\/uploads\/2022\/10\/Captura-de-pantalla-2022-10-25-a-las-21.41.32-300x195.png 300w\" sizes=\"(max-width: 700px) 100vw, 700px\" \/><\/figure>\n\n\n\n<p>La Direcci\u00f3n de Regulaci\u00f3n y Conservaci\u00f3n de la GCHPC, y la Direcci\u00f3n de Normatividad Ambiental e Imagen de la SGyDU, llevaron a cabo una reuni\u00f3n informativa con las distintas c\u00e1maras de comercio de Puebla para compartir la gu\u00eda ilustrada, los tr\u00e1mites que se deben realizar y la importancia de la colaboraci\u00f3n de sus agremiados a favor de la conservaci\u00f3n del Centro Hist\u00f3rico.<\/p>\n\n\n\n<figure class=\"wp-block-image size-full\"><img decoding=\"async\" width=\"698\" height=\"446\" src=\"https:\/\/lahora.mx\/wp-content\/uploads\/2022\/10\/Captura-de-pantalla-2022-10-25-a-las-21.41.40.png\" alt=\"\" class=\"wp-image-15429\" srcset=\"https:\/\/lahora.mx\/wp-content\/uploads\/2022\/10\/Captura-de-pantalla-2022-10-25-a-las-21.41.40.png 698w, https:\/\/lahora.mx\/wp-content\/uploads\/2022\/10\/Captura-de-pantalla-2022-10-25-a-las-21.41.40-300x192.png 300w\" sizes=\"(max-width: 698px) 100vw, 698px\" \/><\/figure>\n\n\n\n<p>Los propietarios o poseedores de inmuebles podr\u00e1n acudir al edificio de la 3 Sur 1508, 3er. Piso, para realizar sus tr\u00e1mites con las dependencias involucradas y de esta forma cumplir con la normativa Federal y Municipal vigente. Asimismo, podr\u00e1n consultar y descargar de forma gratuita la \u201cGu\u00eda Ilustrada para colocar anuncios, toldos y lonas en el Centro Hist\u00f3rico de la ciudad de Puebla\u201d a trav\u00e9s de este enlace<\/p>\n","protected":false},"excerpt":{"rendered":"<p>Con el objetivo de preservar la imagen urbana del Centro Hist\u00f3rico y las caracter\u00edsticas arquitect\u00f3nicas del patrimonio edificado reconocido por la Organizaci\u00f3n de las Naciones Unidas para la Educaci\u00f3n, la Ciencia y la Cultura (UNESCO), el Ayuntamiento de Puebla que preside Eduardo Rivera P\u00e9rez, a trav\u00e9s de la Gerencia Municipal, la Gerencia del Centro Hist\u00f3rico [&hellip;]<\/p>\n","protected":false},"author":4,"featured_media":15427,"comment_status":"open","ping_status":"open","sticky":false,"template":"","format":"standard","meta":{"om_disable_all_campaigns":false,"_monsterinsights_skip_tracking":false,"_monsterinsights_sitenote_active":false,"_monsterinsights_sitenote_note":"","_monsterinsights_sitenote_category":0,"footnotes":""},"categories":[175],"tags":[],"class_list":["post-15426","post","type-post","status-publish","format-standard","has-post-thumbnail","hentry","category-local"],"amp_enabled":true,"_links":{"self":[{"href":"https:\/\/lahora.mx\/index.php\/wp-json\/wp\/v2\/posts\/15426","targetHints":{"allow":["GET"]}}],"collection":[{"href":"https:\/\/lahora.mx\/index.php\/wp-json\/wp\/v2\/posts"}],"about":[{"href":"https:\/\/lahora.mx\/index.php\/wp-json\/wp\/v2\/types\/post"}],"author":[{"embeddable":true,"href":"https:\/\/lahora.mx\/index.php\/wp-json\/wp\/v2\/users\/4"}],"replies":[{"embeddable":true,"href":"https:\/\/lahora.mx\/index.php\/wp-json\/wp\/v2\/comments?post=15426"}],"version-history":[{"count":1,"href":"https:\/\/lahora.mx\/index.php\/wp-json\/wp\/v2\/posts\/15426\/revisions"}],"predecessor-version":[{"id":15430,"href":"https:\/\/lahora.mx\/index.php\/wp-json\/wp\/v2\/posts\/15426\/revisions\/15430"}],"wp:featuredmedia":[{"embeddable":true,"href":"https:\/\/lahora.mx\/index.php\/wp-json\/wp\/v2\/media\/15427"}],"wp:attachment":[{"href":"https:\/\/lahora.mx\/index.php\/wp-json\/wp\/v2\/media?parent=15426"}],"wp:term":[{"taxonomy":"category","embeddable":true,"href":"https:\/\/lahora.mx\/index.php\/wp-json\/wp\/v2\/categories?post=15426"},{"taxonomy":"post_tag","embeddable":true,"href":"https:\/\/lahora.mx\/index.php\/wp-json\/wp\/v2\/tags?post=15426"}],"curies":[{"name":"wp","href":"https:\/\/api.w.org\/{rel}","templated":true}]}}