{"id":15412,"date":"2022-10-26T00:30:20","date_gmt":"2022-10-26T00:30:20","guid":{"rendered":"http:\/\/lahora.mx\/?p=15412"},"modified":"2022-10-26T00:30:20","modified_gmt":"2022-10-26T00:30:20","slug":"atiende-la-gobernadora-lorena-cuellar-atiende-su-agenda-publica","status":"publish","type":"post","link":"https:\/\/lahora.mx\/index.php\/2022\/10\/26\/atiende-la-gobernadora-lorena-cuellar-atiende-su-agenda-publica\/","title":{"rendered":"Atiende La gobernadora Lorena Cu\u00e9llar atiende su agenda p\u00fablica"},"content":{"rendered":"\n<p>La gobernadora Lorena Cu\u00e9llar Cisneros lleva a cabo audiencias con presidentas y presidentes municipales, como parte de su agenda p\u00fablica, a fin de atender las necesidades de las 60 alcald\u00edas para generar bienestar a las familias tlaxcaltecas mediante el trabajo conjunto.<\/p>\n\n\n\n<p>Durante este ejercicio, la titular del Ejecutivo local recibi\u00f3 en Casa de Gobierno a los mun\u00edcipes de Mu\u00f1oz de Domingo Arenas, H\u00e9ctor Prisco Fern\u00e1ndez; de Papalotla, Juan Octavio Rojas Cruz y de Tetlanohcan, Francisco Rodr\u00edguez Mendieta, por citar algunos.<\/p>\n\n\n\n<p>Con ellos entabl\u00f3 una breve conversaci\u00f3n para escuchar sus peticiones y analizar la manera en la que ser\u00e1n ejecutados diversos proyectos, ya que brindar resultados a la sociedad es el principal compromiso de su gobierno.<\/p>\n\n\n\n<p>Se\u00f1al\u00f3 que estas reuniones se realizar\u00e1n paulatinamente, con el prop\u00f3sito de mantener di\u00e1logo abierto con alcaldes, sin distinci\u00f3n de colores, para que lleguen beneficios a todos los rincones de la entidades.<\/p>\n\n\n\n<p>Esta iniciativa agradecieron los representantes de los ayuntamientos, pues permite una comunicaci\u00f3n directa con la mandataria estatal, as\u00ed como estrechar lazos con miras a que diversos planes se consoliden.<\/p>\n\n\n\n<p>De esta forma, la administraci\u00f3n estatal fortalece la unidad con los gobiernos municipales para avanzar en la construcci\u00f3n de una nueva historia en Tlaxcala.<\/p>\n","protected":false},"excerpt":{"rendered":"<p>La gobernadora Lorena Cu\u00e9llar Cisneros lleva a cabo audiencias con presidentas y presidentes municipales, como parte de su agenda p\u00fablica, a fin de atender las necesidades de las 60 alcald\u00edas para generar bienestar a las familias tlaxcaltecas mediante el trabajo conjunto. Durante este ejercicio, la titular del Ejecutivo local recibi\u00f3 en Casa de Gobierno a [&hellip;]<\/p>\n","protected":false},"author":4,"featured_media":15413,"comment_status":"open","ping_status":"open","sticky":false,"template":"","format":"standard","meta":{"om_disable_all_campaigns":false,"_monsterinsights_skip_tracking":false,"_monsterinsights_sitenote_active":false,"_monsterinsights_sitenote_note":"","_monsterinsights_sitenote_category":0,"footnotes":""},"categories":[175],"tags":[223,210],"class_list":["post-15412","post","type-post","status-publish","format-standard","has-post-thumbnail","hentry","category-local","tag-puebla","tag-tlaxcala"],"amp_enabled":true,"_links":{"self":[{"href":"https:\/\/lahora.mx\/index.php\/wp-json\/wp\/v2\/posts\/15412","targetHints":{"allow":["GET"]}}],"collection":[{"href":"https:\/\/lahora.mx\/index.php\/wp-json\/wp\/v2\/posts"}],"about":[{"href":"https:\/\/lahora.mx\/index.php\/wp-json\/wp\/v2\/types\/post"}],"author":[{"embeddable":true,"href":"https:\/\/lahora.mx\/index.php\/wp-json\/wp\/v2\/users\/4"}],"replies":[{"embeddable":true,"href":"https:\/\/lahora.mx\/index.php\/wp-json\/wp\/v2\/comments?post=15412"}],"version-history":[{"count":1,"href":"https:\/\/lahora.mx\/index.php\/wp-json\/wp\/v2\/posts\/15412\/revisions"}],"predecessor-version":[{"id":15414,"href":"https:\/\/lahora.mx\/index.php\/wp-json\/wp\/v2\/posts\/15412\/revisions\/15414"}],"wp:featuredmedia":[{"embeddable":true,"href":"https:\/\/lahora.mx\/index.php\/wp-json\/wp\/v2\/media\/15413"}],"wp:attachment":[{"href":"https:\/\/lahora.mx\/index.php\/wp-json\/wp\/v2\/media?parent=15412"}],"wp:term":[{"taxonomy":"category","embeddable":true,"href":"https:\/\/lahora.mx\/index.php\/wp-json\/wp\/v2\/categories?post=15412"},{"taxonomy":"post_tag","embeddable":true,"href":"https:\/\/lahora.mx\/index.php\/wp-json\/wp\/v2\/tags?post=15412"}],"curies":[{"name":"wp","href":"https:\/\/api.w.org\/{rel}","templated":true}]}}