{"id":1536,"date":"2022-01-13T04:35:32","date_gmt":"2022-01-13T04:35:32","guid":{"rendered":"http:\/\/lahora.mx\/?p=1536"},"modified":"2022-01-13T04:36:13","modified_gmt":"2022-01-13T04:36:13","slug":"referente-nacional-en-servicios-bibliotecarios-universitarios-la-biblioteca-central-universitaria-un","status":"publish","type":"post","link":"https:\/\/lahora.mx\/index.php\/2022\/01\/13\/referente-nacional-en-servicios-bibliotecarios-universitarios-la-biblioteca-central-universitaria-un\/","title":{"rendered":"Referente nacional en servicios bibliotecarios universitarios, la Biblioteca Central Universitaria"},"content":{"rendered":"<p>La Rectora <strong>Lilia Cedillo Ram\u00edrez<\/strong> encabez\u00f3 una ceremonia para celebrar el d\u00e9cimo aniversario de este espacio universitario.<\/p>\n<p class=\"rtejustify\">Con m\u00e1s de 10 mil metros cuadrados de construcci\u00f3n, un acervo de casi 130 mil vol\u00famenes, as\u00ed como un mill\u00f3n de visitantes por a\u00f1o y dos millones 900 mil pr\u00e9stamos de libros, <strong>la Biblioteca Central Universitaria<\/strong> es un referente nacional en servicios distintivos en el \u00e1mbito de bibliotecas universitarias, refiri\u00f3 la Rectora Lilia Cedillo, durante una ceremonia conmemorativa del d\u00e9cimo aniversario de este espacio universitario.<\/p>\n<p class=\"rtejustify\">La doctora Cedillo Ram\u00edrez asegur\u00f3 que estos \u00faltimos 10 a\u00f1os han sido de crecimiento, para lo cual su personal ha sido una pieza fundamental. Declarando<\/p>\n<blockquote>\n<p class=\"rtejustify\">Recuerdo el entusiasmo impreso en cada uno de los detalles planeados de esta Biblioteca Central. Los actores de hace 10 a\u00f1os siguen siendo los actores de hoy, siguen siendo testigos de la consolidaci\u00f3n de un proyecto que a todos los universitarios nos enorgullece.<\/p>\n<\/blockquote>\n<p class=\"rtejustify\">Este es uno de los edificios m\u00e1s emblem\u00e1ticos de la<strong> M\u00e1xima Casa de Estudios en Puebla<\/strong>, por sus dimensiones, acervos, servicios y equipamiento. Para la funcionalidad de sus espacios se incorporan modernas tecnolog\u00edas que permiten el acceso a innumerables acervos de todo el mundo. No s\u00f3lo tiene como fin la consulta de libros, sino fue pensado y creado como un espacio de escape y para fomentar el aprendizaje, destac\u00f3.<\/p>\n<p class=\"rtejustify\">Al tomar la palabra, <strong>Jos\u00e9 Jaime V\u00e1zquez L\u00f3pez<\/strong>, vicerrector de Docencia de la <strong>BUAP<\/strong>, se\u00f1al\u00f3 que a una d\u00e9cada de distancia es claro que la Biblioteca Central Universitaria ha cumplido con su funci\u00f3n de brindar servicios de informaci\u00f3n a la comunidad universitaria, as\u00ed como apoyar las actividades docentes, de producci\u00f3n cient\u00edfica y fomento a la lectura. De esta manera, su eje central es y seguir\u00e1 siendo las personas.<\/p>\n<p class=\"rtejustify\">Como parte de esta celebraci\u00f3n se realizaron actividades en l\u00ednea, a trav\u00e9s de Facebook Live y en el canal Biblio TV BUAP, entre estas la presentaci\u00f3n del libro\u00a0<strong>El expediente de Anna Ajm\u00e1tova<\/strong>, de Alberto Ruy S\u00e1nchez.<\/p>\n<blockquote class=\"twitter-tweet\">\n<p dir=\"ltr\" lang=\"es\">\ud83d\udcda La Biblioteca Central cumple 10 a\u00f1os.<\/p>\n<p>\ud83d\udccc Con un acervo de casi 130 mil vol\u00famenes y 2 millones 900 mil pr\u00e9stamos de libros, la Biblioteca Central Universitaria es un referente nacional en el \u00e1mbito de bibliotecas universitarias. \ud83d\udcd6<\/p>\n<p>\ud83d\udd87 <a href=\"https:\/\/t.co\/sBsxcjON5u\">https:\/\/t.co\/sBsxcjON5u<\/a> <a href=\"https:\/\/t.co\/35YdgePcXf\">pic.twitter.com\/35YdgePcXf<\/a><\/p>\n<p>\u2014 BUAP (@BUAPoficial) <a href=\"https:\/\/twitter.com\/BUAPoficial\/status\/1481385533305761799?ref_src=twsrc%5Etfw\">January 12, 2022<\/a><\/p><\/blockquote>\n<p><script async src=\"https:\/\/platform.twitter.com\/widgets.js\" charset=\"utf-8\"><\/script><\/p>\n","protected":false},"excerpt":{"rendered":"<p>La Rectora Lilia Cedillo Ram\u00edrez encabez\u00f3 una ceremonia para celebrar el d\u00e9cimo aniversario de este espacio universitario. Con m\u00e1s de 10 mil metros cuadrados de construcci\u00f3n, un acervo de casi 130 mil vol\u00famenes, as\u00ed como un mill\u00f3n de visitantes por a\u00f1o y dos millones 900 mil pr\u00e9stamos de libros, la Biblioteca Central Universitaria es un [&hellip;]<\/p>\n","protected":false},"author":5,"featured_media":1538,"comment_status":"open","ping_status":"open","sticky":false,"template":"","format":"standard","meta":{"om_disable_all_campaigns":false,"_monsterinsights_skip_tracking":false,"_monsterinsights_sitenote_active":false,"_monsterinsights_sitenote_note":"","_monsterinsights_sitenote_category":0,"footnotes":""},"categories":[175],"tags":[223],"class_list":["post-1536","post","type-post","status-publish","format-standard","has-post-thumbnail","hentry","category-local","tag-puebla"],"amp_enabled":true,"_links":{"self":[{"href":"https:\/\/lahora.mx\/index.php\/wp-json\/wp\/v2\/posts\/1536","targetHints":{"allow":["GET"]}}],"collection":[{"href":"https:\/\/lahora.mx\/index.php\/wp-json\/wp\/v2\/posts"}],"about":[{"href":"https:\/\/lahora.mx\/index.php\/wp-json\/wp\/v2\/types\/post"}],"author":[{"embeddable":true,"href":"https:\/\/lahora.mx\/index.php\/wp-json\/wp\/v2\/users\/5"}],"replies":[{"embeddable":true,"href":"https:\/\/lahora.mx\/index.php\/wp-json\/wp\/v2\/comments?post=1536"}],"version-history":[{"count":2,"href":"https:\/\/lahora.mx\/index.php\/wp-json\/wp\/v2\/posts\/1536\/revisions"}],"predecessor-version":[{"id":1542,"href":"https:\/\/lahora.mx\/index.php\/wp-json\/wp\/v2\/posts\/1536\/revisions\/1542"}],"wp:featuredmedia":[{"embeddable":true,"href":"https:\/\/lahora.mx\/index.php\/wp-json\/wp\/v2\/media\/1538"}],"wp:attachment":[{"href":"https:\/\/lahora.mx\/index.php\/wp-json\/wp\/v2\/media?parent=1536"}],"wp:term":[{"taxonomy":"category","embeddable":true,"href":"https:\/\/lahora.mx\/index.php\/wp-json\/wp\/v2\/categories?post=1536"},{"taxonomy":"post_tag","embeddable":true,"href":"https:\/\/lahora.mx\/index.php\/wp-json\/wp\/v2\/tags?post=1536"}],"curies":[{"name":"wp","href":"https:\/\/api.w.org\/{rel}","templated":true}]}}