{"id":15333,"date":"2022-10-24T23:10:33","date_gmt":"2022-10-24T23:10:33","guid":{"rendered":"http:\/\/lahora.mx\/?p=15333"},"modified":"2022-10-24T23:10:33","modified_gmt":"2022-10-24T23:10:33","slug":"destacan-estudiantes-de-medicina-de-la-buap-en-diversos-foros-nacionales","status":"publish","type":"post","link":"https:\/\/lahora.mx\/index.php\/2022\/10\/24\/destacan-estudiantes-de-medicina-de-la-buap-en-diversos-foros-nacionales\/","title":{"rendered":"Destacan estudiantes de Medicina de la BUAP en diversos foros nacionales"},"content":{"rendered":"\n<p>Con una profunda vocaci\u00f3n y sentido humanista, los estudiantes de la carrera de Medicina de la BUAP ponen en alto el nombre de la instituci\u00f3n y demuestran una vez m\u00e1s que es l\u00edder en la formaci\u00f3n de altos perfiles m\u00e9dicos en el pa\u00eds, no s\u00f3lo por el n\u00famero de egresados, sino porque sus alumnos han obtenido reconocimientos por su excelencia acad\u00e9mica en concursos de conocimiento en Anatom\u00eda, Neurociencias e Histolog\u00eda, entre otras \u00e1reas.<\/p>\n\n\n\n<p>Fernando Gatica Soriano, alumno de la Facultad de Medicina, fue galardonado por el Instituto Cient\u00edfico Pfizer (ICP) y la Asociaci\u00f3n Mexicana de Facultades y Escuelas de Medicina (AMFEM). Recibi\u00f3 una medalla por ser de los mejores estudiantes del \u00e1rea en el pa\u00eds. Su alto promedio por generaci\u00f3n y su trayectoria fueron los principales criterios para otorgarle este reconocimiento.<\/p>\n\n\n\n<p>Tambi\u00e9n destacan los alumnos Manuel Zorrilla Hern\u00e1ndez, Luis Eduardo Gonz\u00e1lez Hern\u00e1ndez y Aldayr Alonso Lechuga, de octavo, s\u00e9ptimo y cuarto semestre, respectivamente, quienes obtuvieron el segundo lugar en el XI Concurso Nacional Estudiantil de Morfolog\u00eda, en el marco del Congreso Nacional de Anatom\u00eda 2022, donde compitieron con estudiantes de m\u00e1s de 15 universidades del pa\u00eds en conocimientos sobre Neuroanatom\u00eda.<\/p>\n\n\n\n<p>Cabe subrayar que los estudiantes compitieron en tres rondas: la primera, intramuros; semifinales, en la que se enfrentaron a sus pares de las universidades aut\u00f3nomas de Nuevo Le\u00f3n y Baja California, la Universidad Veracruzana y la Universidad An\u00e1huac campus Puebla, entre otras; y la final, que se llev\u00f3 a cabo de forma presencial y oral.<\/p>\n\n\n\n<p>En este congreso los estudiantes de la BUAP Priscila Mishelle Bartolo G\u00f3mez, Karen Paula Cruz Laureano, Juan Carlos S\u00e1nchez Reyes y Jes\u00fas Adri\u00e1n Santoyo Rojas tambi\u00e9n obtuvieron el segundo lugar en conocimientos de Embriolog\u00eda; mientras que Gerardo Decasa P\u00e9rez, Alejandra Rosario Huerta Mancilla, Mar\u00eda Luisa P\u00e9rez S\u00e1nchez y Cristian Daniel Vargas Alvarado lograron colocarse en el tercer lugar en Histolog\u00eda, lo que permite a la BUAP mantenerse entre los primeros lugares del pa\u00eds en estas pruebas.<\/p>\n\n\n\n<p>Por otra parte, con el trabajo \u201cFibromialgia, ojos que no ven, cerebro que s\u00ed siente\u00bb, los alumnos de la Facultad de Medicina, Georgina Cruz C\u00f3rdova y Edgar Mart\u00ednez Romero, instructor del Departamento de Fisiolog\u00eda, obtuvieron el primer lugar en el Concurso de Carteles de Neurociencias \u00abCerebro y Sociedad\u00bb, realizado por el Cap\u00edtulo de la Ciudad de M\u00e9xico de la Society for Neuroscience, en colaboraci\u00f3n con la Sociedad Mexicana de Ciencias Fisiol\u00f3gicas.<\/p>\n\n\n\n<p>De esta forma, la Facultad de Medicina de la BUAP pone de manifiesto su compromiso y la tradici\u00f3n hist\u00f3rica y destacada que tiene en la formaci\u00f3n de profesionales del \u00e1rea de la salud, a nivel t\u00e9cnico, licenciatura y posgrado, quienes contribuyen con gran \u00e9tica y sentido human\u00edstico al desarrollo del estado y el pa\u00eds.<\/p>\n","protected":false},"excerpt":{"rendered":"<p>Con una profunda vocaci\u00f3n y sentido humanista, los estudiantes de la carrera de Medicina de la BUAP ponen en alto el nombre de la instituci\u00f3n y demuestran una vez m\u00e1s que es l\u00edder en la formaci\u00f3n de altos perfiles m\u00e9dicos en el pa\u00eds, no s\u00f3lo por el n\u00famero de egresados, sino porque sus alumnos han [&hellip;]<\/p>\n","protected":false},"author":4,"featured_media":15334,"comment_status":"open","ping_status":"open","sticky":false,"template":"","format":"standard","meta":{"om_disable_all_campaigns":false,"_monsterinsights_skip_tracking":false,"_monsterinsights_sitenote_active":false,"_monsterinsights_sitenote_note":"","_monsterinsights_sitenote_category":0,"footnotes":""},"categories":[175],"tags":[223],"class_list":["post-15333","post","type-post","status-publish","format-standard","has-post-thumbnail","hentry","category-local","tag-puebla"],"amp_enabled":true,"_links":{"self":[{"href":"https:\/\/lahora.mx\/index.php\/wp-json\/wp\/v2\/posts\/15333","targetHints":{"allow":["GET"]}}],"collection":[{"href":"https:\/\/lahora.mx\/index.php\/wp-json\/wp\/v2\/posts"}],"about":[{"href":"https:\/\/lahora.mx\/index.php\/wp-json\/wp\/v2\/types\/post"}],"author":[{"embeddable":true,"href":"https:\/\/lahora.mx\/index.php\/wp-json\/wp\/v2\/users\/4"}],"replies":[{"embeddable":true,"href":"https:\/\/lahora.mx\/index.php\/wp-json\/wp\/v2\/comments?post=15333"}],"version-history":[{"count":2,"href":"https:\/\/lahora.mx\/index.php\/wp-json\/wp\/v2\/posts\/15333\/revisions"}],"predecessor-version":[{"id":15922,"href":"https:\/\/lahora.mx\/index.php\/wp-json\/wp\/v2\/posts\/15333\/revisions\/15922"}],"wp:featuredmedia":[{"embeddable":true,"href":"https:\/\/lahora.mx\/index.php\/wp-json\/wp\/v2\/media\/15334"}],"wp:attachment":[{"href":"https:\/\/lahora.mx\/index.php\/wp-json\/wp\/v2\/media?parent=15333"}],"wp:term":[{"taxonomy":"category","embeddable":true,"href":"https:\/\/lahora.mx\/index.php\/wp-json\/wp\/v2\/categories?post=15333"},{"taxonomy":"post_tag","embeddable":true,"href":"https:\/\/lahora.mx\/index.php\/wp-json\/wp\/v2\/tags?post=15333"}],"curies":[{"name":"wp","href":"https:\/\/api.w.org\/{rel}","templated":true}]}}