{"id":15325,"date":"2022-10-24T22:09:57","date_gmt":"2022-10-24T22:09:57","guid":{"rendered":"http:\/\/lahora.mx\/?p=15325"},"modified":"2022-10-24T22:09:57","modified_gmt":"2022-10-24T22:09:57","slug":"detienen-pase-de-la-guardia-nacional-a-la-sedena","status":"publish","type":"post","link":"https:\/\/lahora.mx\/index.php\/2022\/10\/24\/detienen-pase-de-la-guardia-nacional-a-la-sedena\/","title":{"rendered":"Detienen pase de la Guardia Nacional a la Sedena"},"content":{"rendered":"\n<p>Karla Mar\u00eda Mac\u00edas, jueza de distrito, le otorg\u00f3 la suspensi\u00f3n definitiva a la organizaci\u00f3n Uniendo Caminos M\u00e9xico (UCM\u00e9xico) contra el decreto por el que se incorpora la Guardia Nacional (GN) a la Secretar\u00eda de la Defensa Nacional (Sedena).<\/p>\n\n\n\n<p>El 13 de octubre, la jueza otorg\u00f3 a UCM\u00e9xico, Uni\u00f3n C\u00edvica 1 pa\u00eds, Firma Jur\u00eddica AC&amp;AC A Asociados, Tojil, EeK, y ciudadanos, la primera suspensi\u00f3n provisional en los 53 juicios de amparo colectivos que interpusieron con el fin de que se declarara inconstitucional a nivel nacional el traspaso de la Guardia Nacional a la Sedena.<\/p>\n\n\n\n<p>La juez destac\u00f3 que la Corte Interamericana de Derechos Humanos estableci\u00f3 que los Estados deben limitar el uso de las Fuerzas Armadas para el control de la criminalidad com\u00fan o violencia interna<\/p>\n\n\n\n<p>Argument\u00f3 que el entrenamiento que reciben est\u00e1 dirigido a derrotar un objetivo leg\u00edtimo y no a la protecci\u00f3n y control de civiles, entrenamiento que es propio de los entes policiales.<\/p>\n\n\n\n<p>El 19 de octubre, el Segundo Tribunal Colegiado en Materia Administrativa del D\u00e9cimo Sexto Circuito de Guanajuato revoc\u00f3 la suspensi\u00f3n provisional que ordenaba al gobierno frenar la transferencia de la Guardia Nacional a la Sedena.<\/p>\n\n\n\n<p>En tanto, las autoridades federales manifestaron que la suspensi\u00f3n ten\u00eda que negarse y destacaron que la inaplicaci\u00f3n de una ley de seguridad p\u00fablica contraviene el orden social, que impide la consolidaci\u00f3n de la GN como cuerpo policial permanente bajo el control operativo y administrativo del Ej\u00e9rcito.<\/p>\n\n\n\n<p>Ante estos se\u00f1alamientos, la juez Mac\u00edas desestim\u00f3 los se\u00f1alamientos de las autoridades al manifestar que el debate no debe ce\u00f1irse a aspectos utilitarios, sino atender a lo dispuesto en la Constituci\u00f3n.<\/p>\n","protected":false},"excerpt":{"rendered":"<p>Karla Mar\u00eda Mac\u00edas, jueza de distrito, le otorg\u00f3 la suspensi\u00f3n definitiva a la organizaci\u00f3n Uniendo Caminos M\u00e9xico (UCM\u00e9xico) contra el decreto por el que se incorpora la Guardia Nacional (GN) a la Secretar\u00eda de la Defensa Nacional (Sedena). El 13 de octubre, la jueza otorg\u00f3 a UCM\u00e9xico, Uni\u00f3n C\u00edvica 1 pa\u00eds, Firma Jur\u00eddica AC&amp;AC A [&hellip;]<\/p>\n","protected":false},"author":4,"featured_media":15326,"comment_status":"open","ping_status":"open","sticky":false,"template":"","format":"standard","meta":{"om_disable_all_campaigns":false,"_monsterinsights_skip_tracking":false,"_monsterinsights_sitenote_active":false,"_monsterinsights_sitenote_note":"","_monsterinsights_sitenote_category":0,"footnotes":""},"categories":[175],"tags":[],"class_list":["post-15325","post","type-post","status-publish","format-standard","has-post-thumbnail","hentry","category-local"],"amp_enabled":true,"_links":{"self":[{"href":"https:\/\/lahora.mx\/index.php\/wp-json\/wp\/v2\/posts\/15325","targetHints":{"allow":["GET"]}}],"collection":[{"href":"https:\/\/lahora.mx\/index.php\/wp-json\/wp\/v2\/posts"}],"about":[{"href":"https:\/\/lahora.mx\/index.php\/wp-json\/wp\/v2\/types\/post"}],"author":[{"embeddable":true,"href":"https:\/\/lahora.mx\/index.php\/wp-json\/wp\/v2\/users\/4"}],"replies":[{"embeddable":true,"href":"https:\/\/lahora.mx\/index.php\/wp-json\/wp\/v2\/comments?post=15325"}],"version-history":[{"count":1,"href":"https:\/\/lahora.mx\/index.php\/wp-json\/wp\/v2\/posts\/15325\/revisions"}],"predecessor-version":[{"id":15327,"href":"https:\/\/lahora.mx\/index.php\/wp-json\/wp\/v2\/posts\/15325\/revisions\/15327"}],"wp:featuredmedia":[{"embeddable":true,"href":"https:\/\/lahora.mx\/index.php\/wp-json\/wp\/v2\/media\/15326"}],"wp:attachment":[{"href":"https:\/\/lahora.mx\/index.php\/wp-json\/wp\/v2\/media?parent=15325"}],"wp:term":[{"taxonomy":"category","embeddable":true,"href":"https:\/\/lahora.mx\/index.php\/wp-json\/wp\/v2\/categories?post=15325"},{"taxonomy":"post_tag","embeddable":true,"href":"https:\/\/lahora.mx\/index.php\/wp-json\/wp\/v2\/tags?post=15325"}],"curies":[{"name":"wp","href":"https:\/\/api.w.org\/{rel}","templated":true}]}}