{"id":15316,"date":"2022-10-24T21:18:32","date_gmt":"2022-10-24T21:18:32","guid":{"rendered":"http:\/\/lahora.mx\/?p=15316"},"modified":"2022-10-24T21:18:33","modified_gmt":"2022-10-24T21:18:33","slug":"clavan-un-desarmador-en-la-cabeza-a-estudiante-de-secundaria","status":"publish","type":"post","link":"https:\/\/lahora.mx\/index.php\/2022\/10\/24\/clavan-un-desarmador-en-la-cabeza-a-estudiante-de-secundaria\/","title":{"rendered":"Clavan un desarmador en la cabeza a estudiante de secundaria"},"content":{"rendered":"\n<p>Padres de familia denunciaron una agresi\u00f3n en contra de su hijo, un estudiante de secundaria, pues lo atacaron cuatro compa\u00f1eros y lo lesionaron con un desarmador.<\/p>\n\n\n\n<p>El hecho, aparentemente, ocurri\u00f3 dentro de la Escuela Secundaria T\u00e9cnica No 14 \u201cCinco de Mayo\u201d, el viernes pasado. El menor termin\u00f3 en el hospital tras ser herido en cuatro ocasiones con un destornillador en la nuca.<\/p>\n\n\n\n<p>De acuerdo con lo que cuenta la se\u00f1ora Miriam Mendoza, su sobrino llamado Aar\u00f3n, pate\u00f3 la tapa de un tupper durante su estancia en el recreo, lo cual ocasion\u00f3 que golpeara sin querer a uno de sus compa\u00f1eros.<\/p>\n\n\n\n<p>Inmediatamente el muchacho fue a disculparse con el otro menor, pero este lo atac\u00f3 junto con otros tres.<\/p>\n\n\n\n<p>La familia del joven denuncia que la directora del plantel ha minimizado el caso y no acepta que fue una tentativa de homicidio.<\/p>\n\n\n\n<p>Los padres del agresor no han dado razones del comportamiento de su hijo y las autoridades de la escuela no han realizado nada para castigar este acto.<\/p>\n\n\n\n<p>\u00abLos mismos ni\u00f1os de la escuela fueron los que auxiliaron a mi sobrino y lo llevaron a trabajo social\u00bb, dijo la t\u00eda de la v\u00edctima. A esta hora, los inconformes mantienen cerradas las calles frente a la escuela.<\/p>\n","protected":false},"excerpt":{"rendered":"<p>Padres de familia denunciaron una agresi\u00f3n en contra de su hijo, un estudiante de secundaria, pues lo atacaron cuatro compa\u00f1eros y lo lesionaron con un desarmador. El hecho, aparentemente, ocurri\u00f3 dentro de la Escuela Secundaria T\u00e9cnica No 14 \u201cCinco de Mayo\u201d, el viernes pasado. El menor termin\u00f3 en el hospital tras ser herido en cuatro [&hellip;]<\/p>\n","protected":false},"author":4,"featured_media":15317,"comment_status":"open","ping_status":"open","sticky":false,"template":"","format":"standard","meta":{"om_disable_all_campaigns":false,"_monsterinsights_skip_tracking":false,"_monsterinsights_sitenote_active":false,"_monsterinsights_sitenote_note":"","_monsterinsights_sitenote_category":0,"footnotes":""},"categories":[175],"tags":[195,223],"class_list":["post-15316","post","type-post","status-publish","format-standard","has-post-thumbnail","hentry","category-local","tag-principal","tag-puebla"],"amp_enabled":true,"_links":{"self":[{"href":"https:\/\/lahora.mx\/index.php\/wp-json\/wp\/v2\/posts\/15316","targetHints":{"allow":["GET"]}}],"collection":[{"href":"https:\/\/lahora.mx\/index.php\/wp-json\/wp\/v2\/posts"}],"about":[{"href":"https:\/\/lahora.mx\/index.php\/wp-json\/wp\/v2\/types\/post"}],"author":[{"embeddable":true,"href":"https:\/\/lahora.mx\/index.php\/wp-json\/wp\/v2\/users\/4"}],"replies":[{"embeddable":true,"href":"https:\/\/lahora.mx\/index.php\/wp-json\/wp\/v2\/comments?post=15316"}],"version-history":[{"count":1,"href":"https:\/\/lahora.mx\/index.php\/wp-json\/wp\/v2\/posts\/15316\/revisions"}],"predecessor-version":[{"id":15318,"href":"https:\/\/lahora.mx\/index.php\/wp-json\/wp\/v2\/posts\/15316\/revisions\/15318"}],"wp:featuredmedia":[{"embeddable":true,"href":"https:\/\/lahora.mx\/index.php\/wp-json\/wp\/v2\/media\/15317"}],"wp:attachment":[{"href":"https:\/\/lahora.mx\/index.php\/wp-json\/wp\/v2\/media?parent=15316"}],"wp:term":[{"taxonomy":"category","embeddable":true,"href":"https:\/\/lahora.mx\/index.php\/wp-json\/wp\/v2\/categories?post=15316"},{"taxonomy":"post_tag","embeddable":true,"href":"https:\/\/lahora.mx\/index.php\/wp-json\/wp\/v2\/tags?post=15316"}],"curies":[{"name":"wp","href":"https:\/\/api.w.org\/{rel}","templated":true}]}}