{"id":15311,"date":"2022-10-24T18:36:51","date_gmt":"2022-10-24T18:36:51","guid":{"rendered":"http:\/\/lahora.mx\/?p=15311"},"modified":"2022-10-24T18:36:52","modified_gmt":"2022-10-24T18:36:52","slug":"se-confirma-la-visita-de-claudia-sheinbaum-en-puebla","status":"publish","type":"post","link":"https:\/\/lahora.mx\/index.php\/2022\/10\/24\/se-confirma-la-visita-de-claudia-sheinbaum-en-puebla\/","title":{"rendered":"Se confirma la visita de Claudia Sheinbaum en Puebla"},"content":{"rendered":"\n<p>El pr\u00f3ximo s\u00e1bado estar\u00e1 Claudia Sheinbaum en Puebla, as\u00ed lo confirm\u00f3 la ma\u00f1ana de hoy 24 de octubre el gobernador del estado, Miguel Barbosa Huerta.<\/p>\n\n\n\n<p>\u201cS\u00ed se algo, no me toca a mi anunciarlo, s\u00e9 que va a venir el s\u00e1bado\u2026 Me cay\u00f3 el chismito por ah\u00ed que viene el pr\u00f3ximo s\u00e1bado\u201d, se\u00f1al\u00f3 el mandatario estatal en su tradicional conferencia matutina.<\/p>\n\n\n\n<p>Sin embargo, el gobernador Barbosa se limit\u00f3 \u00fanicamente a anunciar su visita, pues dijo desconocer la agenda en Puebla de la jefa de gobierno de la Ciudad de M\u00e9xico.<\/p>\n\n\n\n<p>\u201cEn una agenda que no la conozco, la van a construir todos los interesados, todos los que apoyan a Claudia Sheinbaum\u201d.<\/p>\n\n\n\n<p>La visita de Claudia Sheinbaum en Puebla se da en medio de diversas movilizaciones entre las \u201ccorcholatas\u201d barbosistas (Sergio Salom\u00f3n C\u00e9spedes Peregrina, presidente del Congreso del estado; los secretarios Olivia Salom\u00f3n Vivaldo, de Econom\u00eda; Jos\u00e9 Antonio Mart\u00ednez Garc\u00eda, de Salud, y Melit\u00f3n Lozano P\u00e9rez, de Educaci\u00f3n) quienes desde hace dos semanas han realizado eventos masivos con la militancia de Morena en Puebla a favor de la jefa de gobierno de la Ciudad de M\u00e9xico, como aspirante a la candidatura presidencial.<\/p>\n\n\n\n<p>La gira m\u00e1s reciente de los aspirantes del gobernador Luis Miguel Barbosa Huerta a la gubernatura del estado en favor de Claudia Sheinbaum en Puebla fue este fin de semana, en tres municipios de la Sierra Norte, as\u00ed como en San Mart\u00edn Texmelucan y Huejotzingo.<\/p>\n","protected":false},"excerpt":{"rendered":"<p>El pr\u00f3ximo s\u00e1bado estar\u00e1 Claudia Sheinbaum en Puebla, as\u00ed lo confirm\u00f3 la ma\u00f1ana de hoy 24 de octubre el gobernador del estado, Miguel Barbosa Huerta. \u201cS\u00ed se algo, no me toca a mi anunciarlo, s\u00e9 que va a venir el s\u00e1bado\u2026 Me cay\u00f3 el chismito por ah\u00ed que viene el pr\u00f3ximo s\u00e1bado\u201d, se\u00f1al\u00f3 el mandatario [&hellip;]<\/p>\n","protected":false},"author":4,"featured_media":15313,"comment_status":"open","ping_status":"open","sticky":false,"template":"","format":"standard","meta":{"om_disable_all_campaigns":false,"_monsterinsights_skip_tracking":false,"_monsterinsights_sitenote_active":false,"_monsterinsights_sitenote_note":"","_monsterinsights_sitenote_category":0,"footnotes":""},"categories":[175],"tags":[195,223],"class_list":["post-15311","post","type-post","status-publish","format-standard","has-post-thumbnail","hentry","category-local","tag-principal","tag-puebla"],"amp_enabled":true,"_links":{"self":[{"href":"https:\/\/lahora.mx\/index.php\/wp-json\/wp\/v2\/posts\/15311","targetHints":{"allow":["GET"]}}],"collection":[{"href":"https:\/\/lahora.mx\/index.php\/wp-json\/wp\/v2\/posts"}],"about":[{"href":"https:\/\/lahora.mx\/index.php\/wp-json\/wp\/v2\/types\/post"}],"author":[{"embeddable":true,"href":"https:\/\/lahora.mx\/index.php\/wp-json\/wp\/v2\/users\/4"}],"replies":[{"embeddable":true,"href":"https:\/\/lahora.mx\/index.php\/wp-json\/wp\/v2\/comments?post=15311"}],"version-history":[{"count":1,"href":"https:\/\/lahora.mx\/index.php\/wp-json\/wp\/v2\/posts\/15311\/revisions"}],"predecessor-version":[{"id":15314,"href":"https:\/\/lahora.mx\/index.php\/wp-json\/wp\/v2\/posts\/15311\/revisions\/15314"}],"wp:featuredmedia":[{"embeddable":true,"href":"https:\/\/lahora.mx\/index.php\/wp-json\/wp\/v2\/media\/15313"}],"wp:attachment":[{"href":"https:\/\/lahora.mx\/index.php\/wp-json\/wp\/v2\/media?parent=15311"}],"wp:term":[{"taxonomy":"category","embeddable":true,"href":"https:\/\/lahora.mx\/index.php\/wp-json\/wp\/v2\/categories?post=15311"},{"taxonomy":"post_tag","embeddable":true,"href":"https:\/\/lahora.mx\/index.php\/wp-json\/wp\/v2\/tags?post=15311"}],"curies":[{"name":"wp","href":"https:\/\/api.w.org\/{rel}","templated":true}]}}