{"id":15308,"date":"2022-10-24T17:27:41","date_gmt":"2022-10-24T17:27:41","guid":{"rendered":"http:\/\/lahora.mx\/?p=15308"},"modified":"2022-10-24T17:27:42","modified_gmt":"2022-10-24T17:27:42","slug":"ricardo-n-primer-hombre-vinculado-por-delito-de-violencia-vicaria-en-puebla","status":"publish","type":"post","link":"https:\/\/lahora.mx\/index.php\/2022\/10\/24\/ricardo-n-primer-hombre-vinculado-por-delito-de-violencia-vicaria-en-puebla\/","title":{"rendered":"Ricardo N, primer hombre vinculado por delito de violencia vicaria en Puebla"},"content":{"rendered":"\n<p>Ricardo N la ex pareja y agresor de Andrea Lezama, que sustrajo a su hijo de manera ilegal, fue vinculado a proceso por el delito de violencia vicaria, por lo que permanecer\u00e1 tras las rejas bajo la medida cautelar de prisi\u00f3n preventiva. Con esto se da la primera vinculaci\u00f3n a proceso por este delito en todo el pa\u00eds.<\/p>\n\n\n\n<p>Despu\u00e9s de que concluy\u00f3 la audiencia marat\u00f3nica llevada a cabo ayer en Casa de Justicia, la juez de control Mar\u00eda Guadalupe Mu\u00f1oz P\u00e9rez logr\u00f3 la primera vinculaci\u00f3n a proceso en Puebla y en todo el pa\u00eds por el delito de violencia vicaria.<\/p>\n\n\n\n<p>Afortunadamente Andrea sali\u00f3 del recinto con su abogado dando la buena noticia que ella esperaba, la vinculaci\u00f3n a proceso de su agresor, pues este sujeto quien antes era su pareja, se llev\u00f3 en junio de 2016 a su peque\u00f1o hijo cuando ten\u00eda un a\u00f1o llev\u00e1ndoselo a Baja California Sur.<\/p>\n\n\n\n<p>Ante ello, Andrea se mantuvo luchando por volver a ver a su peque\u00f1o y fue hasta seis a\u00f1os despu\u00e9s que las autoridades lograron capturar a este sujeto en Baja California Sur y es por ello que hoy se llevar\u00e1 a cabo la audiencia para que un juez de control determine su situaci\u00f3n legal, la, cual fue satisfactoria, pues se vincul\u00f3 a proceso a este hombre.<\/p>\n","protected":false},"excerpt":{"rendered":"<p>Ricardo N la ex pareja y agresor de Andrea Lezama, que sustrajo a su hijo de manera ilegal, fue vinculado a proceso por el delito de violencia vicaria, por lo que permanecer\u00e1 tras las rejas bajo la medida cautelar de prisi\u00f3n preventiva. Con esto se da la primera vinculaci\u00f3n a proceso por este delito en [&hellip;]<\/p>\n","protected":false},"author":4,"featured_media":15309,"comment_status":"open","ping_status":"open","sticky":false,"template":"","format":"standard","meta":{"om_disable_all_campaigns":false,"_monsterinsights_skip_tracking":false,"_monsterinsights_sitenote_active":false,"_monsterinsights_sitenote_note":"","_monsterinsights_sitenote_category":0,"footnotes":""},"categories":[175],"tags":[195,223],"class_list":["post-15308","post","type-post","status-publish","format-standard","has-post-thumbnail","hentry","category-local","tag-principal","tag-puebla"],"amp_enabled":true,"_links":{"self":[{"href":"https:\/\/lahora.mx\/index.php\/wp-json\/wp\/v2\/posts\/15308","targetHints":{"allow":["GET"]}}],"collection":[{"href":"https:\/\/lahora.mx\/index.php\/wp-json\/wp\/v2\/posts"}],"about":[{"href":"https:\/\/lahora.mx\/index.php\/wp-json\/wp\/v2\/types\/post"}],"author":[{"embeddable":true,"href":"https:\/\/lahora.mx\/index.php\/wp-json\/wp\/v2\/users\/4"}],"replies":[{"embeddable":true,"href":"https:\/\/lahora.mx\/index.php\/wp-json\/wp\/v2\/comments?post=15308"}],"version-history":[{"count":1,"href":"https:\/\/lahora.mx\/index.php\/wp-json\/wp\/v2\/posts\/15308\/revisions"}],"predecessor-version":[{"id":15310,"href":"https:\/\/lahora.mx\/index.php\/wp-json\/wp\/v2\/posts\/15308\/revisions\/15310"}],"wp:featuredmedia":[{"embeddable":true,"href":"https:\/\/lahora.mx\/index.php\/wp-json\/wp\/v2\/media\/15309"}],"wp:attachment":[{"href":"https:\/\/lahora.mx\/index.php\/wp-json\/wp\/v2\/media?parent=15308"}],"wp:term":[{"taxonomy":"category","embeddable":true,"href":"https:\/\/lahora.mx\/index.php\/wp-json\/wp\/v2\/categories?post=15308"},{"taxonomy":"post_tag","embeddable":true,"href":"https:\/\/lahora.mx\/index.php\/wp-json\/wp\/v2\/tags?post=15308"}],"curies":[{"name":"wp","href":"https:\/\/api.w.org\/{rel}","templated":true}]}}