{"id":1530,"date":"2022-01-13T04:21:25","date_gmt":"2022-01-13T04:21:25","guid":{"rendered":"http:\/\/lahora.mx\/?p=1530"},"modified":"2022-01-13T04:22:31","modified_gmt":"2022-01-13T04:22:31","slug":"revela-barbosa-sede-que-ocupara-la-sep-federal-en-puebla","status":"publish","type":"post","link":"https:\/\/lahora.mx\/index.php\/2022\/01\/13\/revela-barbosa-sede-que-ocupara-la-sep-federal-en-puebla\/","title":{"rendered":"Revela Barbosa sede que ocupar\u00e1 la SEP Federal en Puebla"},"content":{"rendered":"<p>En donde se encontraba el\u00a0<b>Centro Integral de Servicios (CIS) San Javier<\/b>\u00a0ser\u00e1 en donde se ubiquen las oficinas de la\u00a0<b>Secretar\u00eda de Educaci\u00f3n federal<\/b>, as\u00ed lo declar\u00f3 el gobernador del estado de\u00a0<b>Puebla<\/b>,\u00a0<b>Luis Miguel Barbosa Huerta<\/b>, luego de que este 12 de enero la titular de dicha dependencia,\u00a0<b>Delfina G\u00f3mez \u00c1lvarez<\/b> acudi\u00f3 al estado. Informando en su habitual conferencia matutina<\/p>\n<blockquote><p>Hasta donde estoy enterado es ah\u00ed en <b>Paseo Bravo<\/b>, ah\u00ed hay un edificio que fue instalaciones del CIS, es de la federaci\u00f3n y ah\u00ed va a estar instalado. No tengo el n\u00famero exacto de la calle, pero m\u00e1s tarde que lo sepamos lo vamos a informar, pero es un asunto de la federaci\u00f3n.<\/p><\/blockquote>\n<blockquote class=\"twitter-tweet\">\n<p dir=\"ltr\" lang=\"es\">Pronto se instalar\u00e1 la <a href=\"https:\/\/twitter.com\/SEP_mx?ref_src=twsrc%5Etfw\">@SEP_mx<\/a> en el Estado. En ese sentido, ya se est\u00e1 definiendo el lugar en el que operar\u00e1. <a href=\"https:\/\/t.co\/IU1B7sb9ve\">pic.twitter.com\/IU1B7sb9ve<\/a><\/p>\n<p>\u2014 Miguel Barbosa (@MBarbosaMX) <a href=\"https:\/\/twitter.com\/MBarbosaMX\/status\/1481334662681276422?ref_src=twsrc%5Etfw\">January 12, 2022<\/a><\/p><\/blockquote>\n<p><script async src=\"https:\/\/platform.twitter.com\/widgets.js\" charset=\"utf-8\"><\/script><\/p>\n<p>&nbsp;<\/p>\n<p>Para octubre del a\u00f1o pasado, el gobernador dijo para el cierre del 2021 s\u00f3lo se contemplaba la llegada a <b>Puebla<\/b> de G\u00f3mez \u00c1lvarez y su staff que abarcaba 160 trabajadores, mientras que la desconcentraci\u00f3n completa a\u00fan no ten\u00eda fecha. En ese momento, confirm\u00f3 que la descentralizaci\u00f3n no se llevar\u00eda a cabo en\u00a0<b>Ciudad Modelo\u00a0<\/b>y que se ten\u00eda planeado que la secretaria y su equipo llegaran a un edificio de la federaci\u00f3n, pero en ese momento no dio la direcci\u00f3n.<\/p>\n<p>Para inicios de este a\u00f1o, Miguel Barbosa coment\u00f3 que a finales de febrero arrancar\u00e1 por fin este proceso, pues en esa fecha ya funcionar\u00e1n sus instalaciones en el territorio poblano y se dar\u00e1 continuidad a convenios del estado con la federaci\u00f3n.<\/p>\n<p>Hay que recordar que la descentralizaci\u00f3n real contempla a 8 mil personas que son las que componen las oficinas centrales de la\u00a0<b>Secretar\u00eda de Educaci\u00f3n<\/b>\u00a0de la<b>\u00a0Ciudad de M\u00e9xico<\/b>.<\/p>\n","protected":false},"excerpt":{"rendered":"<p>En donde se encontraba el\u00a0Centro Integral de Servicios (CIS) San Javier\u00a0ser\u00e1 en donde se ubiquen las oficinas de la\u00a0Secretar\u00eda de Educaci\u00f3n federal, as\u00ed lo declar\u00f3 el gobernador del estado de\u00a0Puebla,\u00a0Luis Miguel Barbosa Huerta, luego de que este 12 de enero la titular de dicha dependencia,\u00a0Delfina G\u00f3mez \u00c1lvarez acudi\u00f3 al estado. Informando en su habitual conferencia [&hellip;]<\/p>\n","protected":false},"author":5,"featured_media":1535,"comment_status":"open","ping_status":"open","sticky":false,"template":"","format":"standard","meta":{"om_disable_all_campaigns":false,"_monsterinsights_skip_tracking":false,"_monsterinsights_sitenote_active":false,"_monsterinsights_sitenote_note":"","_monsterinsights_sitenote_category":0,"footnotes":""},"categories":[175],"tags":[223],"class_list":["post-1530","post","type-post","status-publish","format-standard","has-post-thumbnail","hentry","category-local","tag-puebla"],"amp_enabled":true,"_links":{"self":[{"href":"https:\/\/lahora.mx\/index.php\/wp-json\/wp\/v2\/posts\/1530","targetHints":{"allow":["GET"]}}],"collection":[{"href":"https:\/\/lahora.mx\/index.php\/wp-json\/wp\/v2\/posts"}],"about":[{"href":"https:\/\/lahora.mx\/index.php\/wp-json\/wp\/v2\/types\/post"}],"author":[{"embeddable":true,"href":"https:\/\/lahora.mx\/index.php\/wp-json\/wp\/v2\/users\/5"}],"replies":[{"embeddable":true,"href":"https:\/\/lahora.mx\/index.php\/wp-json\/wp\/v2\/comments?post=1530"}],"version-history":[{"count":1,"href":"https:\/\/lahora.mx\/index.php\/wp-json\/wp\/v2\/posts\/1530\/revisions"}],"predecessor-version":[{"id":1534,"href":"https:\/\/lahora.mx\/index.php\/wp-json\/wp\/v2\/posts\/1530\/revisions\/1534"}],"wp:featuredmedia":[{"embeddable":true,"href":"https:\/\/lahora.mx\/index.php\/wp-json\/wp\/v2\/media\/1535"}],"wp:attachment":[{"href":"https:\/\/lahora.mx\/index.php\/wp-json\/wp\/v2\/media?parent=1530"}],"wp:term":[{"taxonomy":"category","embeddable":true,"href":"https:\/\/lahora.mx\/index.php\/wp-json\/wp\/v2\/categories?post=1530"},{"taxonomy":"post_tag","embeddable":true,"href":"https:\/\/lahora.mx\/index.php\/wp-json\/wp\/v2\/tags?post=1530"}],"curies":[{"name":"wp","href":"https:\/\/api.w.org\/{rel}","templated":true}]}}