{"id":15290,"date":"2022-10-24T14:44:54","date_gmt":"2022-10-24T14:44:54","guid":{"rendered":"http:\/\/lahora.mx\/?p=15290"},"modified":"2022-10-24T14:44:55","modified_gmt":"2022-10-24T14:44:55","slug":"sin-permisos-verificentros-de-puebla-abren-con-obras-de-ultima-hora","status":"publish","type":"post","link":"https:\/\/lahora.mx\/index.php\/2022\/10\/24\/sin-permisos-verificentros-de-puebla-abren-con-obras-de-ultima-hora\/","title":{"rendered":"Sin permisos Verificentros de Puebla abren con obras de \u00faltima hora"},"content":{"rendered":"\n<p>Con obras de \u00faltima hora, este lunes comenzar\u00e1n a operar los centros de verificaci\u00f3n vehicular en Puebla, conocidos como verificentros, aunque hasta el viernes por la noche dos carec\u00edan de permisos de agua potable y drenaje, por lo que incluso fueron clausuradas sus tomas.<\/p>\n\n\n\n<p>Por su ubicaci\u00f3n en calles estrechas o por no tener espacio para estacionamiento, es predecible que algunos provocar\u00e1n caos vial cuando est\u00e9 a punto de vencer el plazo para verificar y aumente la demanda del servicio.<br>La capital poblana contar\u00e1 con nueve centros de verificaci\u00f3n a partir de este lunes, luego de que en marzo de 2020 el gobernador Luis Miguel Barbosa Huerta anunci\u00f3 la clausura de los existentes por presuntas irregularidades.<\/p>\n\n\n\n<p><br>En al menos tres centros se realizaban obras hasta este fin de semana, unas horas antes de iniciar la verificaci\u00f3n vehicular para el transporte p\u00fablico.<\/p>\n\n\n\n<p>El centro vehicular 11, localizado en calle Francisco Javier Mina n\u00famero 917 Colonia Mayorazgo, todav\u00eda estaba en obra, ya que personas en andamios colaban una de las puertas del inmueble, colocaban tuber\u00eda y hac\u00edan reparaciones en la banqueta.<\/p>\n\n\n\n<p>\u200b<\/p>\n\n\n\n<p>La licitaci\u00f3n de este verificentro fue obtenida por Carlos Felipe Salom\u00f3n Aboumrad, de acuerdo con la informaci\u00f3n publicada por la Secretar\u00eda de Medio Ambiente, Desarrollo Sustentable y Ordenamiento Territorial en la Plataforma Nacional de Transparencia (PNT).<\/p>\n\n\n\n<p>El inmueble debe tener una superficie de mil 478.8 metros cuadrados y tres l\u00edneas de verificaci\u00f3n para motores de ciclo Otto y una l\u00ednea dual.<\/p>\n\n\n\n<p>La zona ademas es calles estrechas, tanto que los paraderos de la l\u00ednea 2 de la Red Urbana de Transporte Articulado(RUTA) est\u00e1n separados uno para cada sentido. El verificentro tambi\u00e9n sobresale por estar frente a la unidad m\u00e9dica familiar n\u00famero 8 del Instituto Mexicano del Seguro Social (IMSS), as\u00ed que es previsible que podr\u00eda complicarse el tr\u00e1nsito.<\/p>\n\n\n\n<p>En una situaci\u00f3n similar est\u00e1 el centro vehicular 13, tambi\u00e9n a cargo de Carlos Felipe Salom\u00f3n Aboumrad, ya que en el acceso faltaba pavimentar y todav\u00eda eran visibles los registros de drenaje.<\/p>\n\n\n\n<p>Este centro se ubica en el Boulevard Hermanos Serd\u00e1n 802, colonia El Riego, y seg\u00fan la licitaci\u00f3n debe tener una superficie de 1473.69 metros cuadrados y contar con tres l\u00edneas de verificaci\u00f3n.<\/p>\n\n\n\n<p>El centro vehicular 9, ubicado en la 24 Sur 4107, en Fraccionamiento El Mirador, hasta el s\u00e1bado todav\u00eda era pintado por trabajadores, y llama la atenci\u00f3n que este se construy\u00f3 en un tiempo r\u00e9cord, pues era un terreno bald\u00edo.<\/p>\n\n\n\n<p>La concesi\u00f3n del centro fue otorgada a Alfonso Gabriel Galina Garc\u00eda y debe tener una superficie de mil 86.15 metros cuadrados, as\u00ed como tres l\u00edneas de verificaci\u00f3n.<\/p>\n\n\n\n<p>Construyen a la vez verificentro, plaza y pabell\u00f3n<\/p>\n\n\n\n<p>Justo a un costado del centro de verificaci\u00f3n 10, est\u00e1 por terminarse de construir una nueva plaza comercial llamada Amelia, con unos 16 locales y uno de ellos ya es ocupado por una sucursal de Carl\u00b4s Junior.<\/p>\n\n\n\n<p>Adem\u00e1s, tambi\u00e9n est\u00e1 en construcci\u00f3n el \u201cPabell\u00f3n Serd\u00e1n\u201d, aunque todav\u00eda luce vac\u00edo, al mismo tiempo que trabajadores afinan detalles del verificentro.<\/p>\n\n\n\n<p>La concesi\u00f3n tambi\u00e9n la obtuvo Alfonso Gabriel Galina Garc\u00eda, se ubica en Bulevar Hermanos Serd\u00e1n 3320 colonia Amor, debe tener una superficie de mil 75.48 metros cuadrados y tres l\u00edneas de verificaci\u00f3n.<\/p>\n\n\n\n<p>El centro de verificaci\u00f3n 12 utilizar\u00e1 las mismas instalaciones que el que fue clausurado antes por el gobierno estatal, en Boulevard Atlixco 2917, colonia Ampliaci\u00f3n Reforma.<\/p>\n\n\n\n<p>El concesionario es Carlos Felipe Salom\u00f3n Aboumrad, el sitio deber\u00e1 tener una superficie de 1977.47 metros cuadrados y tres l\u00edneas de verificaci\u00f3n.<\/p>\n\n\n\n<p>Clausuran verificentros<br>En tanto, dos de los verificentros de Puebla que comenzar\u00edan a operar el lunes fueron clausurados debido a que carec\u00edan de permiso para tomas de agua y descargas de drenaje.<\/p>\n\n\n\n<p>La clausura se llev\u00f3 a cabo la tarde del viernes 21 de octubre, espec\u00edficamente en los ubicados en el Bulevar Municipio Libre n\u00famero 1838 de la Colonia Universitaria y el de la avenida Forjadores, n\u00famero 7322 de la colonia San Jos\u00e9 del Puente.<\/p>\n\n\n\n<p>La sanci\u00f3n se dio luego de que personal del \u00e1rea de Factibilidad acudi\u00f3 a los establecimientos para inspeccionar c\u00f3mo iban a operar, pues son irregulares, ya que en los archivos de la empresa no exist\u00edan ni siquiera solicitudes para conectarse a las redes de agua potable y drenaje.<\/p>\n\n\n\n<p>Ambos verificentros tambi\u00e9n se construyeron en un tiempo r\u00e9cord, de agosto a octubre, pues el de Municipio Libre era un terreno bald\u00edo hasta junio, igual que el de Forjadores.<\/p>\n\n\n\n<p>El centro de verificaci\u00f3n 15, de Colonia Universitaria Puebla, est\u00e1 a cargo de Xcelencia en Verificentros S.A. de C.V., debe tener una extensi\u00f3n de 2 mil 180 metros cuadrados; tres l\u00edneas de verificaci\u00f3n para motores de ciclo Otto y una l\u00ednea dual.<\/p>\n\n\n\n<p>El verificentro 16, de San Jos\u00e9 del Puente, est\u00e1 a cargo de Gesti\u00f3n de Emisiones Urbanas S.A de C.V. debe contar con una superficie de 1195.3 metros cuadrados, tres l\u00edneas de verificaci\u00f3n para motores de ciclo Otto y una l\u00ednea dual.<\/p>\n\n\n\n<p>A continuaci\u00f3n, se pueden consultar los t\u00edtulos de concesi\u00f3n de cada uno de los verificentros licitados en la primera etapa, aunque el gobierno estatal anunci\u00f3 que esta semana comenzar\u00e1 la licitaci\u00f3n de otros 18 que no fueron asignados la primera vez.<\/p>\n","protected":false},"excerpt":{"rendered":"<p>Con obras de \u00faltima hora, este lunes comenzar\u00e1n a operar los centros de verificaci\u00f3n vehicular en Puebla, conocidos como verificentros, aunque hasta el viernes por la noche dos carec\u00edan de permisos de agua potable y drenaje, por lo que incluso fueron clausuradas sus tomas. Por su ubicaci\u00f3n en calles estrechas o por no tener espacio [&hellip;]<\/p>\n","protected":false},"author":4,"featured_media":15291,"comment_status":"open","ping_status":"open","sticky":false,"template":"","format":"standard","meta":{"om_disable_all_campaigns":false,"_monsterinsights_skip_tracking":false,"_monsterinsights_sitenote_active":false,"_monsterinsights_sitenote_note":"","_monsterinsights_sitenote_category":0,"footnotes":""},"categories":[175],"tags":[195],"class_list":["post-15290","post","type-post","status-publish","format-standard","has-post-thumbnail","hentry","category-local","tag-principal"],"amp_enabled":true,"_links":{"self":[{"href":"https:\/\/lahora.mx\/index.php\/wp-json\/wp\/v2\/posts\/15290","targetHints":{"allow":["GET"]}}],"collection":[{"href":"https:\/\/lahora.mx\/index.php\/wp-json\/wp\/v2\/posts"}],"about":[{"href":"https:\/\/lahora.mx\/index.php\/wp-json\/wp\/v2\/types\/post"}],"author":[{"embeddable":true,"href":"https:\/\/lahora.mx\/index.php\/wp-json\/wp\/v2\/users\/4"}],"replies":[{"embeddable":true,"href":"https:\/\/lahora.mx\/index.php\/wp-json\/wp\/v2\/comments?post=15290"}],"version-history":[{"count":1,"href":"https:\/\/lahora.mx\/index.php\/wp-json\/wp\/v2\/posts\/15290\/revisions"}],"predecessor-version":[{"id":15292,"href":"https:\/\/lahora.mx\/index.php\/wp-json\/wp\/v2\/posts\/15290\/revisions\/15292"}],"wp:featuredmedia":[{"embeddable":true,"href":"https:\/\/lahora.mx\/index.php\/wp-json\/wp\/v2\/media\/15291"}],"wp:attachment":[{"href":"https:\/\/lahora.mx\/index.php\/wp-json\/wp\/v2\/media?parent=15290"}],"wp:term":[{"taxonomy":"category","embeddable":true,"href":"https:\/\/lahora.mx\/index.php\/wp-json\/wp\/v2\/categories?post=15290"},{"taxonomy":"post_tag","embeddable":true,"href":"https:\/\/lahora.mx\/index.php\/wp-json\/wp\/v2\/tags?post=15290"}],"curies":[{"name":"wp","href":"https:\/\/api.w.org\/{rel}","templated":true}]}}