{"id":15287,"date":"2022-10-24T14:02:23","date_gmt":"2022-10-24T14:02:23","guid":{"rendered":"http:\/\/lahora.mx\/?p=15287"},"modified":"2022-10-24T14:02:24","modified_gmt":"2022-10-24T14:02:24","slug":"con-un-8-53-baja-inflacion-en-la-primera-quincena-de-octubre","status":"publish","type":"post","link":"https:\/\/lahora.mx\/index.php\/2022\/10\/24\/con-un-8-53-baja-inflacion-en-la-primera-quincena-de-octubre\/","title":{"rendered":"Con un 8.53%  baja Inflaci\u00f3n en la primera quincena de octubre"},"content":{"rendered":"\n<p class=\"wp-block-paragraph\">El \u00cdndice Nacional de Precios al Consumidor (INPC) registr\u00f3 una variaci\u00f3n anual de 8.53 por ciento en la primera quincena de octubre, su tercer registro desacelerando; sin embargo, el componente subyacente sigue con su tendencia alcista.<\/p>\n\n\n\n<p class=\"wp-block-paragraph\">La inflaci\u00f3n se benefici\u00f3 por un descenso del gas LP, papa y otros tub\u00e9rculos, cebolla, aguacate y naranja.<\/p>\n\n\n\n<p class=\"wp-block-paragraph\">De acuerdo con el Instituto Nacional de Estad\u00edstica y Geograf\u00eda (Inegi), dicho resultado es el m\u00e1s bajo desde la segunda quincena de julio pasado, cuando se ubic\u00f3 en 8.14 por ciento.<\/p>\n\n\n\n<p class=\"wp-block-paragraph\">El resultado del INPC se da luego de que en la segunda quincena de septiembre se ubic\u00f3 en 8.64 por ciento.<\/p>\n\n\n\n<p class=\"wp-block-paragraph\">As\u00ed, la inflaci\u00f3n se ha ubicado 39 quincenas consecutivas por encima del rango objetivo fijado por el Banco de M\u00e9xico (3 por ciento, +\/- un punto porcentual).<\/p>\n\n\n\n<p class=\"wp-block-paragraph\">El resultado del INPC estuvo por encima de las expectativas del mercado, el cual estimaba 8.6 por ciento a tasa anual, de acuerdo con Citibanamex.<\/p>\n\n\n\n<p class=\"wp-block-paragraph\">El \u00edndice de precios subyacente, que es aquel que excluye de su contabilidad los productos de alta volatilidad de precios, contin\u00faa acelerando y se ubic\u00f3 en 8.39 por ciento a tasa anual, su variaci\u00f3n m\u00e1s alta desde la segunda quincena de agosto del 2000, cuando subi\u00f3 a 8.68 por ciento.<br>En su interior, los precios de los servicios se ubicaron en 5.29 por ciento, mientras que el alza en los precios de las mercanc\u00edas fue de 11.10 por ciento.<\/p>\n\n\n\n<p class=\"wp-block-paragraph\">En tanto, la balanza no subyacente, que contabiliza los productos que presentan una alta volatilidad en sus precios, como los productos agr\u00edcolas o los combustibles, se ubic\u00f3 en 8.95 por ciento a tasa anual, se moder\u00f3 respecto al registr\u00f3 anterior.<\/p>\n\n\n\n<p class=\"wp-block-paragraph\">De manera desagregada, los precios de los productos agropecuarios presentaron una variaci\u00f3n de 15.09 por ciento, mientras que la de los de los energ\u00e9ticos y tarifas autorizadas por el Gobierno se ubic\u00f3 en 4.18 por ciento, esto respecto al mismo periodo del a\u00f1o pasado.<\/p>\n\n\n\n<p class=\"wp-block-paragraph\">El \u00cdndice de Precios de la Canasta de Consumo M\u00ednimo (IPCCM) aument\u00f3 0.43 por ciento quincenal y 9.26 por ciento a tasa anual.<\/p>\n\n\n\n<p class=\"wp-block-paragraph\">En su comparaci\u00f3n quincenal, el INPC aument\u00f3 a 0.44 por ciento, una aceleraci\u00f3n respecto al 0.10 por ciento en la quincena pasada.<\/p>\n\n\n\n<p class=\"wp-block-paragraph\">\u00bfCu\u00e1les fueron los productos con mayores precios e incidencia?<br>Entre los productos gen\u00e9ricos cuyas variaciones de precios destacaron por su incidencia sobre la inflaci\u00f3n general fueron la electricidad (17.46 por ciento); jitomate (9.31 por ciento); loncher\u00edas, fondas, torter\u00edas y taquer\u00edas (0.61 por ciento); tortilla de ma\u00edz (0.93 por ciento); gasolina de bajo octanaje (0.37 por ciento); y restaurantes y similares (0.58 por ciento).<\/p>\n\n\n\n<p class=\"wp-block-paragraph\">Por el contrario, el producto que present\u00f3 disminuci\u00f3n en su precio fue el gas dom\u00e9stico LP (5.05 por ciento); papa y otros tub\u00e9rculos (10.16 por ciento); cebolla (11.22 por ciento); aguacate (10.16 por ciento); naranja (10.64 por ciento) y lim\u00f3n (7.41 por ciento).<\/p>\n","protected":false},"excerpt":{"rendered":"<p>El \u00cdndice Nacional de Precios al Consumidor (INPC) registr\u00f3 una variaci\u00f3n anual de 8.53 por ciento en la primera quincena de octubre, su tercer registro desacelerando; sin embargo, el componente subyacente sigue con su tendencia alcista. La inflaci\u00f3n se benefici\u00f3 por un descenso del gas LP, papa y otros tub\u00e9rculos, cebolla, aguacate y naranja. De [&hellip;]<\/p>\n","protected":false},"author":4,"featured_media":15288,"comment_status":"open","ping_status":"open","sticky":false,"template":"","format":"standard","meta":{"om_disable_all_campaigns":false,"_monsterinsights_skip_tracking":false,"footnotes":""},"categories":[176],"tags":[29,195],"class_list":["post-15287","post","type-post","status-publish","format-standard","has-post-thumbnail","hentry","category-nacional","tag-business","tag-principal"],"amp_enabled":true,"_links":{"self":[{"href":"https:\/\/lahora.mx\/index.php\/wp-json\/wp\/v2\/posts\/15287","targetHints":{"allow":["GET"]}}],"collection":[{"href":"https:\/\/lahora.mx\/index.php\/wp-json\/wp\/v2\/posts"}],"about":[{"href":"https:\/\/lahora.mx\/index.php\/wp-json\/wp\/v2\/types\/post"}],"author":[{"embeddable":true,"href":"https:\/\/lahora.mx\/index.php\/wp-json\/wp\/v2\/users\/4"}],"replies":[{"embeddable":true,"href":"https:\/\/lahora.mx\/index.php\/wp-json\/wp\/v2\/comments?post=15287"}],"version-history":[{"count":1,"href":"https:\/\/lahora.mx\/index.php\/wp-json\/wp\/v2\/posts\/15287\/revisions"}],"predecessor-version":[{"id":15289,"href":"https:\/\/lahora.mx\/index.php\/wp-json\/wp\/v2\/posts\/15287\/revisions\/15289"}],"wp:featuredmedia":[{"embeddable":true,"href":"https:\/\/lahora.mx\/index.php\/wp-json\/wp\/v2\/media\/15288"}],"wp:attachment":[{"href":"https:\/\/lahora.mx\/index.php\/wp-json\/wp\/v2\/media?parent=15287"}],"wp:term":[{"taxonomy":"category","embeddable":true,"href":"https:\/\/lahora.mx\/index.php\/wp-json\/wp\/v2\/categories?post=15287"},{"taxonomy":"post_tag","embeddable":true,"href":"https:\/\/lahora.mx\/index.php\/wp-json\/wp\/v2\/tags?post=15287"}],"curies":[{"name":"wp","href":"https:\/\/api.w.org\/{rel}","templated":true}]}}