{"id":15267,"date":"2022-10-23T22:43:00","date_gmt":"2022-10-23T22:43:00","guid":{"rendered":"http:\/\/lahora.mx\/?p=15267"},"modified":"2022-10-23T22:43:01","modified_gmt":"2022-10-23T22:43:01","slug":"dos-muertos-y-5-heridos-tras-choque-de-autobus-en-autopista-puebla-orizaba","status":"publish","type":"post","link":"https:\/\/lahora.mx\/index.php\/2022\/10\/23\/dos-muertos-y-5-heridos-tras-choque-de-autobus-en-autopista-puebla-orizaba\/","title":{"rendered":"Dos muertos y 5 heridos tras choque de autob\u00fas en autopista Puebla-Orizaba"},"content":{"rendered":"\n<p>Dos muertos y al menos cinco heridos dej\u00f3 el choque de un autob\u00fas de pasajeros en el kil\u00f3metro 163 de la autopista Puebla-Orizaba a la altura del municipio Los Reyes de Ju\u00e1rez, donde otras unidades salieron afectadas.<\/p>\n\n\n\n<p>El fatal accidente fue reportado la ma\u00f1ana de este domingo a las 7:00 horas. Param\u00e9dicos de Caminos y Puentes Federales (Capu) as\u00ed como agentes de la Guardia Nacional (GN) Secci\u00f3n Carreteras, al igual que rescatistas urbanos de la regi\u00f3n se trasladaron al sitio.<\/p>\n\n\n\n<p>Los cuerpos de auxilio llegaron y encontraron a un autob\u00fas de pasajeros, color rojo, incrustrado de la parte delantera, justo a la mitad de la barra met\u00e1lica de contenci\u00f3n.<\/p>\n\n\n\n<p>Adem\u00e1s, una pipa result\u00f3 da\u00f1ada y una camioneta de redilas fue proyectada hacia el otro sentido de la autopista Puebla-Orizaba e incluso estaba salida del camino.<\/p>\n\n\n\n<p>Por la gravedad del accidente los rescatistas urbanos no esperaron y procedieron a trabajar con su herramienta hidr\u00e1ulica, a fin de cortar parte del autob\u00fas para tener acceso y atender a los heridos.<\/p>\n\n\n\n<p>Luego de las revisiones de los param\u00e9dicos se inform\u00f3 que de dos hombres sin vida debido a los m\u00faltiples golpes que sufrieron durante la colisi\u00f3n.<\/p>\n\n\n\n<p>Agentes de la Guardia Nacional encabezaron las diligencias del levantamiento de cad\u00e1ver y la vialidad se mantuvo cerrada durante el tiempo que duraron los trabajos para retirar los cuerpos, los veh\u00edculos y mitigar cualquier tipo de riesgo.<\/p>\n\n\n\n<p>Las autoridades ya investigan la causa del choque de autob\u00fas en autopista Puebla-Orizaba y quien fue el responsable de los hechos.<\/p>\n","protected":false},"excerpt":{"rendered":"<p>Dos muertos y al menos cinco heridos dej\u00f3 el choque de un autob\u00fas de pasajeros en el kil\u00f3metro 163 de la autopista Puebla-Orizaba a la altura del municipio Los Reyes de Ju\u00e1rez, donde otras unidades salieron afectadas. El fatal accidente fue reportado la ma\u00f1ana de este domingo a las 7:00 horas. Param\u00e9dicos de Caminos y [&hellip;]<\/p>\n","protected":false},"author":4,"featured_media":15268,"comment_status":"open","ping_status":"open","sticky":false,"template":"","format":"standard","meta":{"om_disable_all_campaigns":false,"_monsterinsights_skip_tracking":false,"_monsterinsights_sitenote_active":false,"_monsterinsights_sitenote_note":"","_monsterinsights_sitenote_category":0,"footnotes":""},"categories":[175,176],"tags":[195,223],"class_list":["post-15267","post","type-post","status-publish","format-standard","has-post-thumbnail","hentry","category-local","category-nacional","tag-principal","tag-puebla"],"amp_enabled":true,"_links":{"self":[{"href":"https:\/\/lahora.mx\/index.php\/wp-json\/wp\/v2\/posts\/15267","targetHints":{"allow":["GET"]}}],"collection":[{"href":"https:\/\/lahora.mx\/index.php\/wp-json\/wp\/v2\/posts"}],"about":[{"href":"https:\/\/lahora.mx\/index.php\/wp-json\/wp\/v2\/types\/post"}],"author":[{"embeddable":true,"href":"https:\/\/lahora.mx\/index.php\/wp-json\/wp\/v2\/users\/4"}],"replies":[{"embeddable":true,"href":"https:\/\/lahora.mx\/index.php\/wp-json\/wp\/v2\/comments?post=15267"}],"version-history":[{"count":1,"href":"https:\/\/lahora.mx\/index.php\/wp-json\/wp\/v2\/posts\/15267\/revisions"}],"predecessor-version":[{"id":15269,"href":"https:\/\/lahora.mx\/index.php\/wp-json\/wp\/v2\/posts\/15267\/revisions\/15269"}],"wp:featuredmedia":[{"embeddable":true,"href":"https:\/\/lahora.mx\/index.php\/wp-json\/wp\/v2\/media\/15268"}],"wp:attachment":[{"href":"https:\/\/lahora.mx\/index.php\/wp-json\/wp\/v2\/media?parent=15267"}],"wp:term":[{"taxonomy":"category","embeddable":true,"href":"https:\/\/lahora.mx\/index.php\/wp-json\/wp\/v2\/categories?post=15267"},{"taxonomy":"post_tag","embeddable":true,"href":"https:\/\/lahora.mx\/index.php\/wp-json\/wp\/v2\/tags?post=15267"}],"curies":[{"name":"wp","href":"https:\/\/api.w.org\/{rel}","templated":true}]}}