{"id":15263,"date":"2022-10-23T21:20:24","date_gmt":"2022-10-23T21:20:24","guid":{"rendered":"http:\/\/lahora.mx\/?p=15263"},"modified":"2022-10-23T21:26:33","modified_gmt":"2022-10-23T21:26:33","slug":"arzobispo-reza-para-que-cese-la-delincuencia-en-puebla","status":"publish","type":"post","link":"https:\/\/lahora.mx\/index.php\/2022\/10\/23\/arzobispo-reza-para-que-cese-la-delincuencia-en-puebla\/","title":{"rendered":"Arzobispo reza para que cese la delincuencia en Puebla"},"content":{"rendered":"\n<p>El obispo auxiliar de Puebla, Tom\u00e1s L\u00f3pez Dur\u00e1n or\u00f3 porque cese la delincuencia que hay en la ciudad y en el estado, y pidi\u00f3 por la reconversi\u00f3n de quienes cometen estos actos diariamente.<\/p>\n\n\n\n<p>En la misa de este domingo, el sacerdote dijo que se viven tiempos dif\u00edciles por la cantidad de robos, asesinatos e inseguridad que ocurren la capital poblana, as\u00ed como en el estado y en el pa\u00eds.<\/p>\n\n\n\n<p>Por ello, pidi\u00f3 a la comunidad cat\u00f3lica orar por ellos para que puedan cambiar y por lo tanto reducir la cantidad de actos delictivos que ocurren diariamente.<\/p>\n\n\n\n<p>Asimismo, las cadenas de oraci\u00f3n deben hacerse con fervor y fe, y la comunidad debe acompa\u00f1ar y buscar ser ellos mismos agentes de cambio.<\/p>\n","protected":false},"excerpt":{"rendered":"<p>El obispo auxiliar de Puebla, Tom\u00e1s L\u00f3pez Dur\u00e1n or\u00f3 porque cese la delincuencia que hay en la ciudad y en el estado, y pidi\u00f3 por la reconversi\u00f3n de quienes cometen estos actos diariamente. En la misa de este domingo, el sacerdote dijo que se viven tiempos dif\u00edciles por la cantidad de robos, asesinatos e inseguridad [&hellip;]<\/p>\n","protected":false},"author":4,"featured_media":15264,"comment_status":"open","ping_status":"open","sticky":false,"template":"","format":"standard","meta":{"om_disable_all_campaigns":false,"_monsterinsights_skip_tracking":false,"_monsterinsights_sitenote_active":false,"_monsterinsights_sitenote_note":"","_monsterinsights_sitenote_category":0,"footnotes":""},"categories":[175],"tags":[223],"class_list":["post-15263","post","type-post","status-publish","format-standard","has-post-thumbnail","hentry","category-local","tag-puebla"],"amp_enabled":true,"_links":{"self":[{"href":"https:\/\/lahora.mx\/index.php\/wp-json\/wp\/v2\/posts\/15263","targetHints":{"allow":["GET"]}}],"collection":[{"href":"https:\/\/lahora.mx\/index.php\/wp-json\/wp\/v2\/posts"}],"about":[{"href":"https:\/\/lahora.mx\/index.php\/wp-json\/wp\/v2\/types\/post"}],"author":[{"embeddable":true,"href":"https:\/\/lahora.mx\/index.php\/wp-json\/wp\/v2\/users\/4"}],"replies":[{"embeddable":true,"href":"https:\/\/lahora.mx\/index.php\/wp-json\/wp\/v2\/comments?post=15263"}],"version-history":[{"count":1,"href":"https:\/\/lahora.mx\/index.php\/wp-json\/wp\/v2\/posts\/15263\/revisions"}],"predecessor-version":[{"id":15265,"href":"https:\/\/lahora.mx\/index.php\/wp-json\/wp\/v2\/posts\/15263\/revisions\/15265"}],"wp:featuredmedia":[{"embeddable":true,"href":"https:\/\/lahora.mx\/index.php\/wp-json\/wp\/v2\/media\/15264"}],"wp:attachment":[{"href":"https:\/\/lahora.mx\/index.php\/wp-json\/wp\/v2\/media?parent=15263"}],"wp:term":[{"taxonomy":"category","embeddable":true,"href":"https:\/\/lahora.mx\/index.php\/wp-json\/wp\/v2\/categories?post=15263"},{"taxonomy":"post_tag","embeddable":true,"href":"https:\/\/lahora.mx\/index.php\/wp-json\/wp\/v2\/tags?post=15263"}],"curies":[{"name":"wp","href":"https:\/\/api.w.org\/{rel}","templated":true}]}}