{"id":15228,"date":"2022-10-22T22:49:22","date_gmt":"2022-10-22T22:49:22","guid":{"rendered":"http:\/\/lahora.mx\/?p=15228"},"modified":"2022-10-22T22:49:23","modified_gmt":"2022-10-22T22:49:23","slug":"un-rezago-educativo-indigena-de-mas-del-25-en-municipios-de-puebla","status":"publish","type":"post","link":"https:\/\/lahora.mx\/index.php\/2022\/10\/22\/un-rezago-educativo-indigena-de-mas-del-25-en-municipios-de-puebla\/","title":{"rendered":"Un rezago educativo ind\u00edgena de m\u00e1s del 25% en municipios de Puebla"},"content":{"rendered":"\n<p>De 2015 a 2020 creci\u00f3 el porcentaje de poblaci\u00f3n ind\u00edgena con rezago educativo en 54 municipios de Puebla, de acuerdo con el Consejo Nacional de Evaluaci\u00f3n de la Pol\u00edtica de Desarrollo Social (Coneval).<\/p>\n\n\n\n<p>De 15 a 30 puntos increment\u00f3 la cantidad de personas ind\u00edgenas en rezago educativo en los 54 municipios, que representan una cuarta parte de los 217 que tiene el estado.<\/p>\n\n\n\n<p>En Puebla, el 9.9 por ciento de los habitantes se considera como ind\u00edgena, de acuerdo con el Instituto Nacional de Estad\u00edstica y Geograf\u00eda (INEGI), un porcentaje menor a los de Oaxaca, Chiapas, Yucat\u00e1n, Guerrero, Hidalgo, Quintana Roo y Campeche, que van del 10.4 al 31.2 por ciento.<br>El Coneval considera como poblaci\u00f3n ind\u00edgena con rezago educativo, a las personas que tienen entre 3 y 21 a\u00f1os, no cuentan con la educaci\u00f3n obligatoria y no asisten a un centro de educaci\u00f3n formal.<\/p>\n\n\n\n<p>Municipios donde aument\u00f3 m\u00e1s rezago educativo<br>En Ahuazotepec increment\u00f3 en cinco a\u00f1os 30 puntos la poblaci\u00f3n ind\u00edgena en rezago educativo, al pasar del 18.9 por ciento en 2015, al 49.1 por ciento en 2020.<\/p>\n\n\n\n<p>En San Salvador Huixcolotla hubo un aumento de 23.6 puntos, al pasar de 23 a 46.6 por ciento, y en Tepemaxalco el crecimiento fue del 18.5 puntos, al cambiar de 40.4 por ciento a 59 por ciento.<br>En Xicotl\u00e1n el aumento fue del 13.2 puntos, al pasar de 30.3 por ciento o 43.5 por ciento y en Guadalupe Victoria el aumento fue del 12.3 puntos, al pasar del 22.7 por ciento al 34.9 por ciento.<\/p>\n\n\n\n<p>Municipios con m\u00e1s poblaci\u00f3n en rezago educativo<br>Hasta 2020 en Tepemaxalco hab\u00eda 80 personas ind\u00edgenas y el 59 por ciento no ten\u00eda la formaci\u00f3n acad\u00e9mica b\u00e1sica, mientras que en Albino Zertuche hay 57 personas y el 56.1 por ciento estaba en rezago educativo.<\/p>\n\n\n\n<p>En Vicente Guerrero 11 mil 684 personas se consideraban ind\u00edgena y 51.7 por ciento no estudi\u00f3 el nivel b\u00e1sico; en Cohetzala, de las 173 personas de pueblos originarios, el 50.6 por ciento estaba en rezago educativo y, en Ahuazotepec, de las 284 personas ind\u00edgenas, el 49.1 por ciento no ten\u00eda la preparaci\u00f3n b\u00e1sica seg\u00fan el Coneval.<\/p>\n","protected":false},"excerpt":{"rendered":"<p>De 2015 a 2020 creci\u00f3 el porcentaje de poblaci\u00f3n ind\u00edgena con rezago educativo en 54 municipios de Puebla, de acuerdo con el Consejo Nacional de Evaluaci\u00f3n de la Pol\u00edtica de Desarrollo Social (Coneval). De 15 a 30 puntos increment\u00f3 la cantidad de personas ind\u00edgenas en rezago educativo en los 54 municipios, que representan una cuarta [&hellip;]<\/p>\n","protected":false},"author":4,"featured_media":15230,"comment_status":"open","ping_status":"open","sticky":false,"template":"","format":"standard","meta":{"om_disable_all_campaigns":false,"_monsterinsights_skip_tracking":false,"_monsterinsights_sitenote_active":false,"_monsterinsights_sitenote_note":"","_monsterinsights_sitenote_category":0,"footnotes":""},"categories":[175],"tags":[],"class_list":["post-15228","post","type-post","status-publish","format-standard","has-post-thumbnail","hentry","category-local"],"amp_enabled":true,"_links":{"self":[{"href":"https:\/\/lahora.mx\/index.php\/wp-json\/wp\/v2\/posts\/15228","targetHints":{"allow":["GET"]}}],"collection":[{"href":"https:\/\/lahora.mx\/index.php\/wp-json\/wp\/v2\/posts"}],"about":[{"href":"https:\/\/lahora.mx\/index.php\/wp-json\/wp\/v2\/types\/post"}],"author":[{"embeddable":true,"href":"https:\/\/lahora.mx\/index.php\/wp-json\/wp\/v2\/users\/4"}],"replies":[{"embeddable":true,"href":"https:\/\/lahora.mx\/index.php\/wp-json\/wp\/v2\/comments?post=15228"}],"version-history":[{"count":1,"href":"https:\/\/lahora.mx\/index.php\/wp-json\/wp\/v2\/posts\/15228\/revisions"}],"predecessor-version":[{"id":15231,"href":"https:\/\/lahora.mx\/index.php\/wp-json\/wp\/v2\/posts\/15228\/revisions\/15231"}],"wp:featuredmedia":[{"embeddable":true,"href":"https:\/\/lahora.mx\/index.php\/wp-json\/wp\/v2\/media\/15230"}],"wp:attachment":[{"href":"https:\/\/lahora.mx\/index.php\/wp-json\/wp\/v2\/media?parent=15228"}],"wp:term":[{"taxonomy":"category","embeddable":true,"href":"https:\/\/lahora.mx\/index.php\/wp-json\/wp\/v2\/categories?post=15228"},{"taxonomy":"post_tag","embeddable":true,"href":"https:\/\/lahora.mx\/index.php\/wp-json\/wp\/v2\/tags?post=15228"}],"curies":[{"name":"wp","href":"https:\/\/api.w.org\/{rel}","templated":true}]}}