{"id":15210,"date":"2022-10-22T22:25:49","date_gmt":"2022-10-22T22:25:49","guid":{"rendered":"http:\/\/lahora.mx\/?p=15210"},"modified":"2022-10-22T22:25:49","modified_gmt":"2022-10-22T22:25:49","slug":"puebla-capital-sede-de-encuentro-de-delegados-regionales-infonavit","status":"publish","type":"post","link":"https:\/\/lahora.mx\/index.php\/2022\/10\/22\/puebla-capital-sede-de-encuentro-de-delegados-regionales-infonavit\/","title":{"rendered":"Puebla capital sede de encuentro de delegados regionales Infonavit"},"content":{"rendered":"\n<p>El municipio de Puebla fue sede del encuentro de delegados regionales del Infonavit, quienes recibieron por parte del ayuntamiento la condecoraci\u00f3n de \u201cVisitantes Distinguidos\u201d, que reconoce a hombres y mujeres de todo el pa\u00eds que trabajan por hacer de la vivienda popular un factor de desarrollo social y econ\u00f3mico.<\/p>\n\n\n\n<p>\u201cEstoy convencido de que solamente haciendo equipo, quienes estamos en la oportunidad del servicio p\u00fablico, junto a la iniciativa privada y la sociedad, es la mejor manera de sacar adelante los retos m\u00e1s importantes que tenemos en nuestro pa\u00eds y en nuestra Puebla [\u2026] uno de ellos es la reactivaci\u00f3n econ\u00f3mica, y si logramos esto con un beneficio de vivienda popular para quienes m\u00e1s lo necesitan, esto tiene un doble m\u00e9rito\u201d, comparti\u00f3 el presidente municipal en su mensaje, tras hacer entrega de las 33 distinciones.<\/p>\n\n\n\n<p>Las y los delegados regionales del Infonavit que se enlistan a continuaci\u00f3n, fueron reconocidos por su labor de gesti\u00f3n patrimonial a favor de los trabajadores de M\u00e9xico y que, cuyo encuentro con el gobierno municipal, signific\u00f3 una oportunidad de sinergia para avanzar en la agenda de vivienda en el pa\u00eds y, por su puesto, en la capital poblana, refiri\u00f3 Susana Riestra Pi\u00f1a, regidora presidenta de la Comisi\u00f3n de Gesti\u00f3n, Desarrollo Urbano y Medio Ambiente.<\/p>\n\n\n\n<ol class=\"wp-block-list\"><li>Sergio Armando Gonz\u00e1lez Serna, de Aguascalientes<\/li><\/ol>\n\n\n\n<ol class=\"wp-block-list\" start=\"2\"><li>Ana Lizeth G\u00f3mez, de Baja California<\/li><li>Jos\u00e9 Luis Alberto Cese\u00f1a Cos\u00edo, de Baja California Sur<\/li><li>Luis Lanz Novelo, de Campeche<\/li><li>Gustavo Ernesto D\u00edaz G\u00f3mez, de Coahuila<\/li><li>Marisol Vega Luna, de Colima<\/li><li>Roc\u00edo Clara Ter\u00e1n Cruz, de Chiapas<\/li><li>Jes\u00fas Octavio Garc\u00eda S\u00e1enz, de Chihuahua<\/li><li>Patricia Jimena Ortiz Couturier, de la Ciudad de M\u00e9xico<\/li><li>Luis Fernando Hern\u00e1ndez Ozuna, de Durango<\/li><li>Gustavo Enrique Pintos Guti\u00e9rrez, de Guanajuato<\/li><li>Talina Cecilia S\u00e1mano Calder\u00f3n, de Guerrero<\/li><li>\u00d3scar Eduardo Gallegos Ram\u00edrez, de Hidalgo<\/li><li>Jes\u00fas Ram\u00f3n G\u00f3mez Armentia, de Jalisco<\/li><li>Dayra Nayeli Vergara Vargas, del Estado de M\u00e9xico<\/li><li>Sergio Adem Argueta, de Michoac\u00e1n<\/li><li>Jorge Salgado Ruiz, de Morelos<\/li><li>Juan Manuel Cienfuegos Vargas, de Nayarit<\/li><li>Sergio Manuel Zertuche Romero, de Nuevo Le\u00f3n<\/li><li>Juan Jacob P\u00e9rez Miranda, de Oaxaca<\/li><li>Diana F\u00e9lix Andrade, de Quer\u00e9taro<\/li><li>Silvia Karla Aceves Nieto, de Quintana Roo<\/li><li>Mario Rojas Hern\u00e1ndez, de San Luis Potos\u00ed<\/li><li>Adolfo Ernesto Verdugo Dagnino, de Sinaloa<\/li><li>Vladimir Barboza V\u00e1squez, de Sonora<\/li><li>Jes\u00fas Ali de la Torre, de Tabasco<\/li><li>Honorio Cort\u00e1zar Salazar, de Tamaulipas<\/li><li>Vicente Corral Lastra, de Tlaxcala<\/li><li>Erik Juan Antonio Porres Blesa, de Veracruz<\/li><li>Nayley Guadalupe Balam Chan, de Yucat\u00e1n<\/li><li>Roberto Ornelas Garc\u00eda, de Zacatecas<\/li><li>Jos\u00e9 Agapito Dom\u00ednguez Lacroix, Subdirector General de Operaciones del Infonavit a nivel Nacional<\/li><li>Bardo Mois\u00e9s Aguilar Calzada, de la Gerencia Senior de Operaci\u00f3n Delegacional del Infonavit<\/li><\/ol>\n\n\n\n<p>Con m\u00e1s de 66 millones de derechohabientes, el Infonavit es un organismo p\u00fablico que maneja de manera eficiente el Fondo Nacional de la Vivienda, lo que para Silvia Tan\u00fas Osorio, Secretaria del Ayuntamiento, es digno de reconocerse porque \u201custedes [delegados] hacen posible un gran sue\u00f1o; uno de los m\u00e1ximos sue\u00f1os que tenemos como seres humanos es comprar una casa propia, o bien, remodelarla, ampliarla o construirla. \u00a1Qu\u00e9 gran labor la que ustedes realizan!\u201d, expres\u00f3.<\/p>\n\n\n\n<p>Tambi\u00e9n encabezaron esta entrega de reconocimientos de \u201cVisitantes Distinguidos\u201d: Tony Kuri Alam, delegado regional del Infonavit en el estado de Puebla; Carlos Montiel Solana, coordinador de las Regidur\u00edas del ayuntamiento de Puebla; Fernanda Huerta L\u00f3pez, regidora Presidenta de la Comisi\u00f3n de Infraestructura, Movilidad y Servicios P\u00fablicos; Manuel Herrera Rojas, regidor Presidente de la Comisi\u00f3n de Desarrollo Econ\u00f3mico y Turismo; Ernesto Antonio Aguilar Cabrera, Regidor Integrante de la Comisi\u00f3n de Gesti\u00f3n, Desarrollo Urbano y Medio Ambiente; y Felipe Mojarro Arroyo, Asesor de Vivienda de Presidencia Municipal.<\/p>\n","protected":false},"excerpt":{"rendered":"<p>El municipio de Puebla fue sede del encuentro de delegados regionales del Infonavit, quienes recibieron por parte del ayuntamiento la condecoraci\u00f3n de \u201cVisitantes Distinguidos\u201d, que reconoce a hombres y mujeres de todo el pa\u00eds que trabajan por hacer de la vivienda popular un factor de desarrollo social y econ\u00f3mico. \u201cEstoy convencido de que solamente haciendo [&hellip;]<\/p>\n","protected":false},"author":4,"featured_media":15222,"comment_status":"open","ping_status":"open","sticky":false,"template":"","format":"standard","meta":{"om_disable_all_campaigns":false,"_monsterinsights_skip_tracking":false,"_monsterinsights_sitenote_active":false,"_monsterinsights_sitenote_note":"","_monsterinsights_sitenote_category":0,"footnotes":""},"categories":[175],"tags":[195,223],"class_list":["post-15210","post","type-post","status-publish","format-standard","has-post-thumbnail","hentry","category-local","tag-principal","tag-puebla"],"amp_enabled":true,"_links":{"self":[{"href":"https:\/\/lahora.mx\/index.php\/wp-json\/wp\/v2\/posts\/15210","targetHints":{"allow":["GET"]}}],"collection":[{"href":"https:\/\/lahora.mx\/index.php\/wp-json\/wp\/v2\/posts"}],"about":[{"href":"https:\/\/lahora.mx\/index.php\/wp-json\/wp\/v2\/types\/post"}],"author":[{"embeddable":true,"href":"https:\/\/lahora.mx\/index.php\/wp-json\/wp\/v2\/users\/4"}],"replies":[{"embeddable":true,"href":"https:\/\/lahora.mx\/index.php\/wp-json\/wp\/v2\/comments?post=15210"}],"version-history":[{"count":1,"href":"https:\/\/lahora.mx\/index.php\/wp-json\/wp\/v2\/posts\/15210\/revisions"}],"predecessor-version":[{"id":15223,"href":"https:\/\/lahora.mx\/index.php\/wp-json\/wp\/v2\/posts\/15210\/revisions\/15223"}],"wp:featuredmedia":[{"embeddable":true,"href":"https:\/\/lahora.mx\/index.php\/wp-json\/wp\/v2\/media\/15222"}],"wp:attachment":[{"href":"https:\/\/lahora.mx\/index.php\/wp-json\/wp\/v2\/media?parent=15210"}],"wp:term":[{"taxonomy":"category","embeddable":true,"href":"https:\/\/lahora.mx\/index.php\/wp-json\/wp\/v2\/categories?post=15210"},{"taxonomy":"post_tag","embeddable":true,"href":"https:\/\/lahora.mx\/index.php\/wp-json\/wp\/v2\/tags?post=15210"}],"curies":[{"name":"wp","href":"https:\/\/api.w.org\/{rel}","templated":true}]}}