{"id":15203,"date":"2022-10-22T03:37:37","date_gmt":"2022-10-22T03:37:37","guid":{"rendered":"http:\/\/lahora.mx\/?p=15203"},"modified":"2022-10-22T03:37:38","modified_gmt":"2022-10-22T03:37:38","slug":"este-sabado-22-de-octubre-amlo-supervisara-obras-en-ayoxuxtla","status":"publish","type":"post","link":"https:\/\/lahora.mx\/index.php\/2022\/10\/22\/este-sabado-22-de-octubre-amlo-supervisara-obras-en-ayoxuxtla\/","title":{"rendered":"Este s\u00e1bado 22 de octubre AMLO supervisar\u00e1 obras en Ayoxuxtla"},"content":{"rendered":"\n<p>El d\u00eda de ma\u00f1ana s\u00e1bado 22 de octubre la comunidad de Ayoxuxtla de Zapata situada en el municipio de Huehuetl\u00e1n el Chico contar\u00e1 con la presencia del presidente de M\u00e9xico Andr\u00e9s Manuel L\u00f3pez Obrador, cuya visita tiene como objeto supervisar las obras del Programa de Mejoramiento Urbano (PMU) realizadas en la localidad.<\/p>\n\n\n\n<p>En la conferencia de prensa matutina de este viernes el mandatario destac\u00f3 la importancia de Ayoxuxtla en los eventos ocurridos durante la Revoluci\u00f3n Mexicana, pues en ese municipio se firm\u00f3 el Plan de Ayala.<br>\u201cVamos a Puebla, a Axoxutla, donde firm\u00f3 Emiliano Zapata el Plan de Ayala. Es un pueblo en los l\u00edmites de Guerrero con Puebla. Todo el corredor cruzaba Zapata desde Anenecuilco, de Ayala hacia Guerrero, entonces all\u00e1 estuvo protegi\u00e9ndose de la persecuci\u00f3n de los federales. All\u00e1 se elabor\u00f3 en un pueblo el Plan de Ayala, que lleva el nombre de Ayala, pero se firm\u00f3 en Axoxutla, en una casa humilde\u201d, coment\u00f3 el mandatario sobre la comunidad.<\/p>\n\n\n\n<p>Los resultados del PMU abarcan la remodelaci\u00f3n de una escuela primaria, la plaza central y una cl\u00ednica de salud que estuvieron a cargo de la Secretar\u00eda de Desarrollo Agrario, Territorial y Urbano (Sedatu). Cabe recordar que la visita del mandatario estaba programada para el domingo 10 de abril de 2022, pero se pospuso debido a la veda electoral.<\/p>\n\n\n\n<p>A\u00fan no se ha confirmado el acompa\u00f1amiento de Andr\u00e9s Manuel L\u00f3pez Obrador por parte de Luis Miguel Barbosa Huerta, sin embargo, el gobernador de Puebla ha estado presente en todos los eventos del presidente celebrados en el estado.<\/p>\n","protected":false},"excerpt":{"rendered":"<p>El d\u00eda de ma\u00f1ana s\u00e1bado 22 de octubre la comunidad de Ayoxuxtla de Zapata situada en el municipio de Huehuetl\u00e1n el Chico contar\u00e1 con la presencia del presidente de M\u00e9xico Andr\u00e9s Manuel L\u00f3pez Obrador, cuya visita tiene como objeto supervisar las obras del Programa de Mejoramiento Urbano (PMU) realizadas en la localidad. En la conferencia [&hellip;]<\/p>\n","protected":false},"author":4,"featured_media":15204,"comment_status":"open","ping_status":"open","sticky":false,"template":"","format":"standard","meta":{"om_disable_all_campaigns":false,"_monsterinsights_skip_tracking":false,"_monsterinsights_sitenote_active":false,"_monsterinsights_sitenote_note":"","_monsterinsights_sitenote_category":0,"footnotes":""},"categories":[176],"tags":[],"class_list":["post-15203","post","type-post","status-publish","format-standard","has-post-thumbnail","hentry","category-nacional"],"amp_enabled":true,"_links":{"self":[{"href":"https:\/\/lahora.mx\/index.php\/wp-json\/wp\/v2\/posts\/15203","targetHints":{"allow":["GET"]}}],"collection":[{"href":"https:\/\/lahora.mx\/index.php\/wp-json\/wp\/v2\/posts"}],"about":[{"href":"https:\/\/lahora.mx\/index.php\/wp-json\/wp\/v2\/types\/post"}],"author":[{"embeddable":true,"href":"https:\/\/lahora.mx\/index.php\/wp-json\/wp\/v2\/users\/4"}],"replies":[{"embeddable":true,"href":"https:\/\/lahora.mx\/index.php\/wp-json\/wp\/v2\/comments?post=15203"}],"version-history":[{"count":1,"href":"https:\/\/lahora.mx\/index.php\/wp-json\/wp\/v2\/posts\/15203\/revisions"}],"predecessor-version":[{"id":15205,"href":"https:\/\/lahora.mx\/index.php\/wp-json\/wp\/v2\/posts\/15203\/revisions\/15205"}],"wp:featuredmedia":[{"embeddable":true,"href":"https:\/\/lahora.mx\/index.php\/wp-json\/wp\/v2\/media\/15204"}],"wp:attachment":[{"href":"https:\/\/lahora.mx\/index.php\/wp-json\/wp\/v2\/media?parent=15203"}],"wp:term":[{"taxonomy":"category","embeddable":true,"href":"https:\/\/lahora.mx\/index.php\/wp-json\/wp\/v2\/categories?post=15203"},{"taxonomy":"post_tag","embeddable":true,"href":"https:\/\/lahora.mx\/index.php\/wp-json\/wp\/v2\/tags?post=15203"}],"curies":[{"name":"wp","href":"https:\/\/api.w.org\/{rel}","templated":true}]}}