{"id":15191,"date":"2022-10-21T23:24:54","date_gmt":"2022-10-21T23:24:54","guid":{"rendered":"http:\/\/lahora.mx\/?p=15191"},"modified":"2022-10-21T23:24:55","modified_gmt":"2022-10-21T23:24:55","slug":"senado-fija-ruta-para-aprobar-proxima-semana-ley-de-ingresos-2023","status":"publish","type":"post","link":"https:\/\/lahora.mx\/index.php\/2022\/10\/21\/senado-fija-ruta-para-aprobar-proxima-semana-ley-de-ingresos-2023\/","title":{"rendered":"Senado fija ruta para aprobar pr\u00f3xima semana Ley de Ingresos 2023"},"content":{"rendered":"\n<p>La pr\u00f3xima semana se discutir\u00e1 y, en su caso, aprobar\u00e1 la Ley de Ingresos de la Federaci\u00f3n para el Ejercicio Fiscal de 2023, que fue avalada por la C\u00e1mara de Diputados, adelant\u00f3 el coordinador parlamentario de Morena, Ricardo Monreal \u00c1vila y el presidente de la Mesa Directiva, Alejandro Armenta.<\/p>\n\n\n\n<p>Armenta perfilo la ruta cr\u00edtica para su aprobaci\u00f3n y dijo que \u201cen cuanto se reciba oficialmente la minuta en la Mesa Directiva del Senado se le dar\u00e1 inmediatamente tr\u00e1mite a comisiones y va el calendario que estas instancias fijen, se convocar\u00e1 a sesiones para realizar el dictamen correspondiente\u201d.<br>\u201cNosotros estaremos atentos en la Mesa Directiva del Senado estaremos atentos de este proceso para esperar que dictamine para su debate en el pleno legislativo\u201d, dijo el senador por Morena.<\/p>\n\n\n\n<p>Por su parte, Monreal, en un mensaje que comparti\u00f3 en redes sociales, el senador record\u00f3 que la colegisladora aprob\u00f3 este proyecto con el que se prev\u00e9 obtener m\u00e1s de 8.2 billones de pesos.<\/p>\n\n\n\n<p>Confirm\u00f3 que este viernes el Senado recibi\u00f3 la minuta, por lo que se instalar\u00e1n las comisiones de Hacienda y Cr\u00e9dito P\u00fablico, y de Estudios Legislativos, Segunda, para su an\u00e1lisis correspondiente.<\/p>\n\n\n\n<p>Agreg\u00f3 que es probable que el pr\u00f3ximo martes, el Senado realice dos sesiones ordinarias: una para desahogar la comparecencia de la secretaria de Bienestar, Ariadna Montiel Reyes, y otra vespertina, para discutir la Ley de Ingresos. El presidente de la Junta de Coordinaci\u00f3n Pol\u00edtica estim\u00f3 un trabajo intenso en los siguientes d\u00edas en el Senado de la Rep\u00fablica.<\/p>\n\n\n\n<p>\u201cTrabajaremos el fin de semana, y la pr\u00f3xima semana, probablemente el martes, tendremos dos sesiones: para la comparecencia de la Secretaria de Bienestar y una segunda sesi\u00f3n vespertina para la discusi\u00f3n y, en su caso, la aprobaci\u00f3n de la Ley de Ingresos\u201d.<\/p>\n\n\n\n<p>Monreal \u00c1vila tambi\u00e9n explic\u00f3 que luego de que el Congreso apruebe este ordenamiento, la C\u00e1mara de Diputados tambi\u00e9n deber\u00e1 aprobar el Presupuesto de Egresos de la Federaci\u00f3n para el siguiente a\u00f1o, como lo establece la Constituci\u00f3n y la Ley.<\/p>\n","protected":false},"excerpt":{"rendered":"<p>La pr\u00f3xima semana se discutir\u00e1 y, en su caso, aprobar\u00e1 la Ley de Ingresos de la Federaci\u00f3n para el Ejercicio Fiscal de 2023, que fue avalada por la C\u00e1mara de Diputados, adelant\u00f3 el coordinador parlamentario de Morena, Ricardo Monreal \u00c1vila y el presidente de la Mesa Directiva, Alejandro Armenta. Armenta perfilo la ruta cr\u00edtica para [&hellip;]<\/p>\n","protected":false},"author":4,"featured_media":15192,"comment_status":"open","ping_status":"open","sticky":false,"template":"","format":"standard","meta":{"om_disable_all_campaigns":false,"_monsterinsights_skip_tracking":false,"_monsterinsights_sitenote_active":false,"_monsterinsights_sitenote_note":"","_monsterinsights_sitenote_category":0,"footnotes":""},"categories":[175],"tags":[195,223],"class_list":["post-15191","post","type-post","status-publish","format-standard","has-post-thumbnail","hentry","category-local","tag-principal","tag-puebla"],"amp_enabled":true,"_links":{"self":[{"href":"https:\/\/lahora.mx\/index.php\/wp-json\/wp\/v2\/posts\/15191","targetHints":{"allow":["GET"]}}],"collection":[{"href":"https:\/\/lahora.mx\/index.php\/wp-json\/wp\/v2\/posts"}],"about":[{"href":"https:\/\/lahora.mx\/index.php\/wp-json\/wp\/v2\/types\/post"}],"author":[{"embeddable":true,"href":"https:\/\/lahora.mx\/index.php\/wp-json\/wp\/v2\/users\/4"}],"replies":[{"embeddable":true,"href":"https:\/\/lahora.mx\/index.php\/wp-json\/wp\/v2\/comments?post=15191"}],"version-history":[{"count":1,"href":"https:\/\/lahora.mx\/index.php\/wp-json\/wp\/v2\/posts\/15191\/revisions"}],"predecessor-version":[{"id":15193,"href":"https:\/\/lahora.mx\/index.php\/wp-json\/wp\/v2\/posts\/15191\/revisions\/15193"}],"wp:featuredmedia":[{"embeddable":true,"href":"https:\/\/lahora.mx\/index.php\/wp-json\/wp\/v2\/media\/15192"}],"wp:attachment":[{"href":"https:\/\/lahora.mx\/index.php\/wp-json\/wp\/v2\/media?parent=15191"}],"wp:term":[{"taxonomy":"category","embeddable":true,"href":"https:\/\/lahora.mx\/index.php\/wp-json\/wp\/v2\/categories?post=15191"},{"taxonomy":"post_tag","embeddable":true,"href":"https:\/\/lahora.mx\/index.php\/wp-json\/wp\/v2\/tags?post=15191"}],"curies":[{"name":"wp","href":"https:\/\/api.w.org\/{rel}","templated":true}]}}