{"id":15171,"date":"2022-10-21T18:03:13","date_gmt":"2022-10-21T18:03:13","guid":{"rendered":"http:\/\/lahora.mx\/?p=15171"},"modified":"2022-10-21T18:03:14","modified_gmt":"2022-10-21T18:03:14","slug":"adan-augusto-en-puebla-cabildea-reforma-militar-de-amlo","status":"publish","type":"post","link":"https:\/\/lahora.mx\/index.php\/2022\/10\/21\/adan-augusto-en-puebla-cabildea-reforma-militar-de-amlo\/","title":{"rendered":"Ad\u00e1n Augusto en Puebla cabildea reforma militar de AMLO"},"content":{"rendered":"\n<p>El secretario de Gobernaci\u00f3n federal, Ad\u00e1n Augusto L\u00f3pez Hern\u00e1ndez, asisti\u00f3 este viernes al Congreso de Puebla para encabezar una reuni\u00f3n de trabajo con los diputados locales y el gobernador Luis Miguel Barbosa Huerta, sobre la iniciativa que ampl\u00eda la presencia del Ej\u00e9rcito en las calles hasta 2028.<\/p>\n\n\n\n<p>En tribuna el funcionario destac\u00f3 que el gobernador Barbosa recuper\u00f3 la seguridad p\u00fablica, e indic\u00f3 que Puebla va a la baja en la mayor\u00eda de los delitos de alto impacto y solo la incidencia es alta en el robo de veh\u00edculos.<br><\/p>\n\n\n\n<p>\u201cSignifica la participaci\u00f3n de toda la sociedad haciendo un esfuerzo extraordinario. Puebla es otra, me aprecio de ser su amigo, felicito al gobernador Miguel Barbosa por su trabajo, su compromiso no nada m\u00e1s con Puebla, sino con el pa\u00eds\u201d, declar\u00f3 L\u00f3pez Hern\u00e1ndez.<br>Previo a la mesa de trabajo seis diputados del PAN, M\u00f3nica Rodr\u00edguez Della Vecchia, Oswaldo Jim\u00e9nez L\u00f3pez, Rafael Micalco M\u00e9ndez, Nancy Jim\u00e9nez Morales, Guadalupe Leal Rodr\u00edguez y Karla Rodr\u00edguez Palacios mostraron una lona con la leyenda \u201cNo a la militarizaci\u00f3n\u201d, en rechazo a la minuta que se votar\u00e1 esta tarde.<\/p>\n\n\n\n<p>En respuesta, diputados de Morena exhibieron un cartel con la leyenda \u201c\u00bfRecuerdan la historia?\u201d. Adem\u00e1s, en el pleno lanzaron el grito \u201cEs un honor estar con Obrador\u201d.<\/p>\n\n\n\n<p>\u00bfEn qu\u00e9 consiste la reforma militar?<br>Sobre la iniciativa, Ad\u00e1n Augusto L\u00f3pez dijo que su presencia en el Congreso de Puebla es para explicar en qu\u00e9 consiste el dictamen aprobado en la C\u00e1mara de Diputados, e indic\u00f3 que se trata de reformas a la ley secundaria sobre la creaci\u00f3n de la Guardia Nacional.<\/p>\n\n\n\n<p>\u201cEsta iniciativa fue aprobada, publicada y entr\u00f3 en vigor en los \u00faltimos d\u00edas del mes de agosto. Sin embargo, el gobierno de L\u00f3pez Obrador es un gobierno que dialoga y construye\u201d, dijo, al mencionar que el coordinador de Morena en la C\u00e1mara de Diputados, Ignacio Mier Velazco, le ofreci\u00f3 di\u00e1logo con la fracci\u00f3n del PRI.<\/p>\n\n\n\n<p>El funcionario federal record\u00f3 que as\u00ed lograron la mayor\u00eda constitucional que necesitaban para aprobar en la C\u00e1mara de Diputados y el Senado de la Rep\u00fablica la iniciativa que prolonga la presencia del Ej\u00e9rcito en labores de seguridad p\u00fablica hasta 2028.<\/p>\n\n\n\n<p>\u201cContiene o ratifica que el plazo en lugar de vencer en el 24 fenece en el 2028, pero con lineamientos, se regula de alguna manera el actuar de la Guardia Nacional. En tanto la Guardia Nacional desarrolla su estructura, el presidente de la Rep\u00fablica podr\u00e1 disponer de las Fuerzas Armadas de seguridad p\u00fablica. Con esta definici\u00f3n se entiende que la Fuerza Armada puede prestar o realizar tareas en seguridad p\u00fablica en todos los estados del pa\u00eds\u201d, dijo.<\/p>\n\n\n\n<p>Esto permitir\u00e1 que a partir del pr\u00f3ximo a\u00f1o se cree un fondo permanente para apoyar a los estados y municipios y que estos vayan fortaleciendo y conformando polic\u00edas civiles.<\/p>\n\n\n\n<p><\/p>\n\n\n\n<p>El dinero provendr\u00e1 de los recursos incautados de la delincuencia organizada, por lo que hasta la fecha se cuenta con una bolsa de 27 millones de pesos. Adem\u00e1s, se impone la obligaci\u00f3n constitucional de tener que presentar evaluaciones ante el Secretariado Ejecutivo del Sistema Nacional de Seguridad P\u00fablica.<\/p>\n","protected":false},"excerpt":{"rendered":"<p>El secretario de Gobernaci\u00f3n federal, Ad\u00e1n Augusto L\u00f3pez Hern\u00e1ndez, asisti\u00f3 este viernes al Congreso de Puebla para encabezar una reuni\u00f3n de trabajo con los diputados locales y el gobernador Luis Miguel Barbosa Huerta, sobre la iniciativa que ampl\u00eda la presencia del Ej\u00e9rcito en las calles hasta 2028. En tribuna el funcionario destac\u00f3 que el gobernador [&hellip;]<\/p>\n","protected":false},"author":4,"featured_media":15172,"comment_status":"open","ping_status":"open","sticky":false,"template":"","format":"standard","meta":{"om_disable_all_campaigns":false,"_monsterinsights_skip_tracking":false,"_monsterinsights_sitenote_active":false,"_monsterinsights_sitenote_note":"","_monsterinsights_sitenote_category":0,"footnotes":""},"categories":[175],"tags":[],"class_list":["post-15171","post","type-post","status-publish","format-standard","has-post-thumbnail","hentry","category-local"],"amp_enabled":true,"_links":{"self":[{"href":"https:\/\/lahora.mx\/index.php\/wp-json\/wp\/v2\/posts\/15171","targetHints":{"allow":["GET"]}}],"collection":[{"href":"https:\/\/lahora.mx\/index.php\/wp-json\/wp\/v2\/posts"}],"about":[{"href":"https:\/\/lahora.mx\/index.php\/wp-json\/wp\/v2\/types\/post"}],"author":[{"embeddable":true,"href":"https:\/\/lahora.mx\/index.php\/wp-json\/wp\/v2\/users\/4"}],"replies":[{"embeddable":true,"href":"https:\/\/lahora.mx\/index.php\/wp-json\/wp\/v2\/comments?post=15171"}],"version-history":[{"count":1,"href":"https:\/\/lahora.mx\/index.php\/wp-json\/wp\/v2\/posts\/15171\/revisions"}],"predecessor-version":[{"id":15173,"href":"https:\/\/lahora.mx\/index.php\/wp-json\/wp\/v2\/posts\/15171\/revisions\/15173"}],"wp:featuredmedia":[{"embeddable":true,"href":"https:\/\/lahora.mx\/index.php\/wp-json\/wp\/v2\/media\/15172"}],"wp:attachment":[{"href":"https:\/\/lahora.mx\/index.php\/wp-json\/wp\/v2\/media?parent=15171"}],"wp:term":[{"taxonomy":"category","embeddable":true,"href":"https:\/\/lahora.mx\/index.php\/wp-json\/wp\/v2\/categories?post=15171"},{"taxonomy":"post_tag","embeddable":true,"href":"https:\/\/lahora.mx\/index.php\/wp-json\/wp\/v2\/tags?post=15171"}],"curies":[{"name":"wp","href":"https:\/\/api.w.org\/{rel}","templated":true}]}}