{"id":15168,"date":"2022-10-21T17:59:23","date_gmt":"2022-10-21T17:59:23","guid":{"rendered":"http:\/\/lahora.mx\/?p=15168"},"modified":"2022-10-21T17:59:23","modified_gmt":"2022-10-21T17:59:23","slug":"se-evacuan-a-100-personas-tras-incendio-en-fabrica-de-veladoras-en-texmelucan","status":"publish","type":"post","link":"https:\/\/lahora.mx\/index.php\/2022\/10\/21\/se-evacuan-a-100-personas-tras-incendio-en-fabrica-de-veladoras-en-texmelucan\/","title":{"rendered":"Se evac\u00faan a 100 personas tras incendio en f\u00e1brica de veladoras en Texmelucan"},"content":{"rendered":"\n<p>Al menos cien personas fueron evacuadas como una acci\u00f3n preventiva tras el incendio de una f\u00e1brica de veladoras ubicada en la junta auxiliar de San Baltazar Temaxcalac, en el municipio de San Mart\u00edn Texmelucan, esta madrugada; el hecho caus\u00f3 la movilizaci\u00f3n de diversos cuerpos de emergencia a la zona, los cuales hasta la ma\u00f1ana de este viernes segu\u00edan laborando para evitar que el fuego pueda reavivarse.<\/p>\n\n\n\n<p>Cerca de las 2:50 horas, vecinos de la referida junta auxiliar escucharon las alarmas de la cerer\u00eda, por lo que al despertar y salir a ver de qu\u00e9 se trataba, notaron que la f\u00e1brica de cera \u201cSan Francisco de As\u00eds\u201d ubicada en la calle La Paz, se estaba incendiando, situaci\u00f3n por la que comenzaron a alertarse y llamaron a los servicios de emergencia.<\/p>\n\n\n\n<p>Personal de Centro Integral de Gesti\u00f3n de Riesgos y Protecci\u00f3n Civil, bomberos municipales y del estado, as\u00ed como diversos servicios prehospitalarios y elementos de la Direcci\u00f3n de Seguridad P\u00fablica se trasladaron al lugar del siniestro.<\/p>\n\n\n\n<p>Mientras los vulcanos municipales y estatales empezaron a combatir el fuego; elementos de Protecci\u00f3n Civil, como medida de precauci\u00f3n, ordenaron el desalojo de cien personas de treinta viviendas que se ubican en la periferia de dicha f\u00e1brica.<\/p>\n\n\n\n<p><\/p>\n\n\n\n<p>Para ello se habilit\u00f3 el albergue en la unidad deportiva \u00c1ngeles Blancos, sin que se reportaran personas heridas o decesos que lamentar. Por varias horas, los bomberos combatieron las llamas y despu\u00e9s de tanto trabajo, sofocaron el incendio.<\/p>\n\n\n\n<p>Hasta la ma\u00f1ana de hoy 21 de octubre, los cuerpos de ayuda continuaban con labores para el proceso de enfriamiento y respiraci\u00f3n del lugar, a fin de evitar que el fuego prenda nuevamente tras el incendio en f\u00e1brica de velas en San Baltazar Temaxcalac, Texmelucan.<\/p>\n","protected":false},"excerpt":{"rendered":"<p>Al menos cien personas fueron evacuadas como una acci\u00f3n preventiva tras el incendio de una f\u00e1brica de veladoras ubicada en la junta auxiliar de San Baltazar Temaxcalac, en el municipio de San Mart\u00edn Texmelucan, esta madrugada; el hecho caus\u00f3 la movilizaci\u00f3n de diversos cuerpos de emergencia a la zona, los cuales hasta la ma\u00f1ana de [&hellip;]<\/p>\n","protected":false},"author":4,"featured_media":15169,"comment_status":"open","ping_status":"open","sticky":false,"template":"","format":"standard","meta":{"om_disable_all_campaigns":false,"_monsterinsights_skip_tracking":false,"_monsterinsights_sitenote_active":false,"_monsterinsights_sitenote_note":"","_monsterinsights_sitenote_category":0,"footnotes":""},"categories":[175],"tags":[223],"class_list":["post-15168","post","type-post","status-publish","format-standard","has-post-thumbnail","hentry","category-local","tag-puebla"],"amp_enabled":true,"_links":{"self":[{"href":"https:\/\/lahora.mx\/index.php\/wp-json\/wp\/v2\/posts\/15168","targetHints":{"allow":["GET"]}}],"collection":[{"href":"https:\/\/lahora.mx\/index.php\/wp-json\/wp\/v2\/posts"}],"about":[{"href":"https:\/\/lahora.mx\/index.php\/wp-json\/wp\/v2\/types\/post"}],"author":[{"embeddable":true,"href":"https:\/\/lahora.mx\/index.php\/wp-json\/wp\/v2\/users\/4"}],"replies":[{"embeddable":true,"href":"https:\/\/lahora.mx\/index.php\/wp-json\/wp\/v2\/comments?post=15168"}],"version-history":[{"count":1,"href":"https:\/\/lahora.mx\/index.php\/wp-json\/wp\/v2\/posts\/15168\/revisions"}],"predecessor-version":[{"id":15170,"href":"https:\/\/lahora.mx\/index.php\/wp-json\/wp\/v2\/posts\/15168\/revisions\/15170"}],"wp:featuredmedia":[{"embeddable":true,"href":"https:\/\/lahora.mx\/index.php\/wp-json\/wp\/v2\/media\/15169"}],"wp:attachment":[{"href":"https:\/\/lahora.mx\/index.php\/wp-json\/wp\/v2\/media?parent=15168"}],"wp:term":[{"taxonomy":"category","embeddable":true,"href":"https:\/\/lahora.mx\/index.php\/wp-json\/wp\/v2\/categories?post=15168"},{"taxonomy":"post_tag","embeddable":true,"href":"https:\/\/lahora.mx\/index.php\/wp-json\/wp\/v2\/tags?post=15168"}],"curies":[{"name":"wp","href":"https:\/\/api.w.org\/{rel}","templated":true}]}}