{"id":15162,"date":"2022-10-21T15:34:19","date_gmt":"2022-10-21T15:34:19","guid":{"rendered":"http:\/\/lahora.mx\/?p=15162"},"modified":"2022-10-21T15:34:20","modified_gmt":"2022-10-21T15:34:20","slug":"paola-angon-seguira-sin-firmar-contratos","status":"publish","type":"post","link":"https:\/\/lahora.mx\/index.php\/2022\/10\/21\/paola-angon-seguira-sin-firmar-contratos\/","title":{"rendered":"Paola Ang\u00f3n seguir\u00e1 sin firmar contratos"},"content":{"rendered":"\n<p>La presidenta municipal de San Pedro Cholula, Paola Ang\u00f3n Silva, seguir\u00e1 sin firmar contratos o convenios del ayuntamiento, luego del cabildazo que le dieron los regidores el 1 de septiembre de este a\u00f1o.<\/p>\n\n\n\n<p>Esto debido a que el Tribunal Electoral del Estado de Puebla (TEEP), donde promovi\u00f3 un juicio para la protecci\u00f3n de los derechos pol\u00edtico electorales, se declar\u00f3 incompetente para resolverlo, al ser atribuciones de la Comuna.<\/p>\n\n\n\n<p>As\u00ed lo declar\u00f3 el pleno al resolver la demanda con la clave TEEP-JDC-106\/2022, en la que Ang\u00f3n Silva impugn\u00f3 el acuerdo de los regidores que le revocaron la facultad de firmar contratos o convenios que involucren al erario del ayuntamiento, con el argumento de que no contaban con toda la informaci\u00f3n de lo realizado por la gesti\u00f3n panista en los \u00faltimos ocho meses.<br>\u201cSe carece de competencia para conocer y resolver el medio de impugnaci\u00f3n presentado, ya que, si bien le asiste un derecho como Presidenta Municipal de suscribir contratos y actos que sean de inter\u00e9s del municipio, la esencia del acto reclamado se desenvuelve en el \u00e1mbito de competencia organizativa del Ayuntamiento, pues encuadra en el marco de las atribuciones internas previstas para la propia autoridad municipal\u201d, resolvi\u00f3 el TEEP el 20 de octubre.<\/p>\n\n\n\n<p>El tribunal local no advirti\u00f3 que el acto reclamado por la alcaldesa panista pudiera relacionarse con la materia electoral y, por lo tanto, no se configura la afectaci\u00f3n al derecho pol\u00edtico-electoral a ser votada, al libre acceso y despe\u00f1o del cargo, porque el asunto est\u00e1 vinculado al ejercicio de autoorganizaci\u00f3n interna del ayuntamiento de San Pedro Cholula.<\/p>\n\n\n\n<p>La alcaldesa trat\u00f3 de anular el acuerdo de la sesi\u00f3n de Cabildo del 1 de septiembre, en la cual los regidores decidieron y ordenaron anular una facultad prevista en la Ley Org\u00e1nica Municipal y en diversas leyes en favor de quien ocupa el cargo de presidente municipal, consistente en prohibirle firmar convenios o contratos, aun y cuando sean propios de su funci\u00f3n.<br>Paola Ang\u00f3n tiene la oportunidad de impugnar la resoluci\u00f3n del TEEP ante el Tribunal Electoral del Poder Judicial de la Federaci\u00f3n (TEPJF), instancia que resuelve asuntos relacionados con la materia electoral y pol\u00edtica.<\/p>\n","protected":false},"excerpt":{"rendered":"<p>La presidenta municipal de San Pedro Cholula, Paola Ang\u00f3n Silva, seguir\u00e1 sin firmar contratos o convenios del ayuntamiento, luego del cabildazo que le dieron los regidores el 1 de septiembre de este a\u00f1o. Esto debido a que el Tribunal Electoral del Estado de Puebla (TEEP), donde promovi\u00f3 un juicio para la protecci\u00f3n de los derechos [&hellip;]<\/p>\n","protected":false},"author":4,"featured_media":15163,"comment_status":"open","ping_status":"open","sticky":false,"template":"","format":"standard","meta":{"om_disable_all_campaigns":false,"_monsterinsights_skip_tracking":false,"_monsterinsights_sitenote_active":false,"_monsterinsights_sitenote_note":"","_monsterinsights_sitenote_category":0,"footnotes":""},"categories":[175],"tags":[223],"class_list":["post-15162","post","type-post","status-publish","format-standard","has-post-thumbnail","hentry","category-local","tag-puebla"],"amp_enabled":true,"_links":{"self":[{"href":"https:\/\/lahora.mx\/index.php\/wp-json\/wp\/v2\/posts\/15162","targetHints":{"allow":["GET"]}}],"collection":[{"href":"https:\/\/lahora.mx\/index.php\/wp-json\/wp\/v2\/posts"}],"about":[{"href":"https:\/\/lahora.mx\/index.php\/wp-json\/wp\/v2\/types\/post"}],"author":[{"embeddable":true,"href":"https:\/\/lahora.mx\/index.php\/wp-json\/wp\/v2\/users\/4"}],"replies":[{"embeddable":true,"href":"https:\/\/lahora.mx\/index.php\/wp-json\/wp\/v2\/comments?post=15162"}],"version-history":[{"count":1,"href":"https:\/\/lahora.mx\/index.php\/wp-json\/wp\/v2\/posts\/15162\/revisions"}],"predecessor-version":[{"id":15164,"href":"https:\/\/lahora.mx\/index.php\/wp-json\/wp\/v2\/posts\/15162\/revisions\/15164"}],"wp:featuredmedia":[{"embeddable":true,"href":"https:\/\/lahora.mx\/index.php\/wp-json\/wp\/v2\/media\/15163"}],"wp:attachment":[{"href":"https:\/\/lahora.mx\/index.php\/wp-json\/wp\/v2\/media?parent=15162"}],"wp:term":[{"taxonomy":"category","embeddable":true,"href":"https:\/\/lahora.mx\/index.php\/wp-json\/wp\/v2\/categories?post=15162"},{"taxonomy":"post_tag","embeddable":true,"href":"https:\/\/lahora.mx\/index.php\/wp-json\/wp\/v2\/tags?post=15162"}],"curies":[{"name":"wp","href":"https:\/\/api.w.org\/{rel}","templated":true}]}}