{"id":15159,"date":"2022-10-21T15:31:04","date_gmt":"2022-10-21T15:31:04","guid":{"rendered":"http:\/\/lahora.mx\/?p=15159"},"modified":"2022-10-21T15:31:05","modified_gmt":"2022-10-21T15:31:05","slug":"se-invierte-3-6-mdp-para-tapar-40-mil-baches-en-puebla","status":"publish","type":"post","link":"https:\/\/lahora.mx\/index.php\/2022\/10\/21\/se-invierte-3-6-mdp-para-tapar-40-mil-baches-en-puebla\/","title":{"rendered":"Se invierte 3.6 mdp para tapar 40 mil baches en Puebla"},"content":{"rendered":"\n<p>El gobierno de la ciudad anunci\u00f3 una inversi\u00f3n de 38.6 millones de pesos para quitar casi 40 mil baches en Puebla antes de que termine el a\u00f1o.<\/p>\n\n\n\n<p>Desde la 18 Norte y 6 Oriente a la altura del Mercado La Acocota, el alcalde capitalino Eduardo Rivera P\u00e9rez, inform\u00f3 que 20 cuadrillas de bacheo trabajar\u00e1n en cuatro cuadrantes en un horario de 8:00 a 14:00 horas de lunes a s\u00e1bado.<\/p>\n\n\n\n<p>\u00abEn algunos de los tramos en diferentes puntos del municipio este asfalto parece de mazap\u00e1n y cuando vienen las lluvias complica m\u00e1s la estructura vial, por eso quiero informar que, para acabar con este problema en esta temporada de los baches en nuestro municipio, estamos ampliando la inversi\u00f3n de 38.6 millones de pesos, con esta ampliaci\u00f3n vamos a llegar aproximadamente a un monto de 110 millones de pesos\u00bb, expuso.<br>Coment\u00f3 que tambi\u00e9n habr\u00e1 una cuadrilla denominada volante la cual estar\u00e1 atendiendo las vialidades primarias y secundarias en caso de que exista un reporte urgente por parte de los ciudadanos en donde se tenga que tapar el bache.<\/p>\n\n\n\n<p>Rivera P\u00e9rez, indic\u00f3 que hasta hoy, se han tapado m\u00e1s de 90 mil baches en 122 colonias del municipio.<\/p>\n\n\n\n<p>Dijo que para cualquier reporte de baches en Puebla podr\u00e1n realizarlo al gobierno de la ciudad al n\u00famero de whatsapp: 22 15 97 27 64, al 072 o en las redes sociales del ayuntamiento: Facebook: @HAyuntamientoDePuebla y Twitter: @Pueblaayto.<\/p>\n","protected":false},"excerpt":{"rendered":"<p>El gobierno de la ciudad anunci\u00f3 una inversi\u00f3n de 38.6 millones de pesos para quitar casi 40 mil baches en Puebla antes de que termine el a\u00f1o. Desde la 18 Norte y 6 Oriente a la altura del Mercado La Acocota, el alcalde capitalino Eduardo Rivera P\u00e9rez, inform\u00f3 que 20 cuadrillas de bacheo trabajar\u00e1n en [&hellip;]<\/p>\n","protected":false},"author":4,"featured_media":15160,"comment_status":"open","ping_status":"open","sticky":false,"template":"","format":"standard","meta":{"om_disable_all_campaigns":false,"_monsterinsights_skip_tracking":false,"_monsterinsights_sitenote_active":false,"_monsterinsights_sitenote_note":"","_monsterinsights_sitenote_category":0,"footnotes":""},"categories":[175],"tags":[195,223],"class_list":["post-15159","post","type-post","status-publish","format-standard","has-post-thumbnail","hentry","category-local","tag-principal","tag-puebla"],"amp_enabled":true,"_links":{"self":[{"href":"https:\/\/lahora.mx\/index.php\/wp-json\/wp\/v2\/posts\/15159","targetHints":{"allow":["GET"]}}],"collection":[{"href":"https:\/\/lahora.mx\/index.php\/wp-json\/wp\/v2\/posts"}],"about":[{"href":"https:\/\/lahora.mx\/index.php\/wp-json\/wp\/v2\/types\/post"}],"author":[{"embeddable":true,"href":"https:\/\/lahora.mx\/index.php\/wp-json\/wp\/v2\/users\/4"}],"replies":[{"embeddable":true,"href":"https:\/\/lahora.mx\/index.php\/wp-json\/wp\/v2\/comments?post=15159"}],"version-history":[{"count":1,"href":"https:\/\/lahora.mx\/index.php\/wp-json\/wp\/v2\/posts\/15159\/revisions"}],"predecessor-version":[{"id":15161,"href":"https:\/\/lahora.mx\/index.php\/wp-json\/wp\/v2\/posts\/15159\/revisions\/15161"}],"wp:featuredmedia":[{"embeddable":true,"href":"https:\/\/lahora.mx\/index.php\/wp-json\/wp\/v2\/media\/15160"}],"wp:attachment":[{"href":"https:\/\/lahora.mx\/index.php\/wp-json\/wp\/v2\/media?parent=15159"}],"wp:term":[{"taxonomy":"category","embeddable":true,"href":"https:\/\/lahora.mx\/index.php\/wp-json\/wp\/v2\/categories?post=15159"},{"taxonomy":"post_tag","embeddable":true,"href":"https:\/\/lahora.mx\/index.php\/wp-json\/wp\/v2\/tags?post=15159"}],"curies":[{"name":"wp","href":"https:\/\/api.w.org\/{rel}","templated":true}]}}