{"id":15149,"date":"2022-10-21T14:58:09","date_gmt":"2022-10-21T14:58:09","guid":{"rendered":"http:\/\/lahora.mx\/?p=15149"},"modified":"2022-10-21T14:58:10","modified_gmt":"2022-10-21T14:58:10","slug":"confirma-alcaldesa-la-inundacion-de-la-refineria-dos-bocas","status":"publish","type":"post","link":"https:\/\/lahora.mx\/index.php\/2022\/10\/21\/confirma-alcaldesa-la-inundacion-de-la-refineria-dos-bocas\/","title":{"rendered":"Confirma alcaldesa la inundaci\u00f3n de la refiner\u00eda Dos Bocas"},"content":{"rendered":"\n<p>La alcaldesa de Para\u00edso, Tabasco, Ana Luisa Castellanos, confirm\u00f3 que la refiner\u00eda de Dos Bocas si est\u00e1 inunda, contrario a lo declarado en recientes d\u00edas por la secretaria de Energ\u00eda, Roc\u00edo Nahle Garc\u00eda, quien asegur\u00f3 que las fuertes lluvias no hab\u00edan afectado el megaproyecto impulsado por el presidente Andr\u00e9s Manuel L\u00f3pez Obrador.<\/p>\n\n\n\n<p>En entrevista, declar\u00f3 que los vasos reguladores se taparon debido a toda la tierra que se gener\u00f3 por la obra de la refiner\u00eda en Dos Bocas.<br>Explic\u00f3 que el nivel del agua subi\u00f3 a\u00fan m\u00e1s al interior de la refiner\u00eda debido a que est\u00e1 rodeada de lagunas y r\u00edos.<\/p>\n\n\n\n<p>Adem\u00e1s, la alcaldesa indic\u00f3 que el 80 por ciento de las comunidades de Para\u00edso se encuentran inundadas, esto por las intensas lluvias de los \u00faltimas que han provocado la onda tropical 27 y el frente fr\u00edo n\u00famero 4.<\/p>\n\n\n\n<p>Lo anterior caus\u00f3 que el r\u00edo Seco se desbordara, inundando as\u00ed la refiner\u00eda de Dos Bocas, a pesar de que Nahle Garc\u00eda neg\u00f3 que hubiera afectaciones a la obra emblem\u00e1tica del gobierno de L\u00f3pez Obrador.<\/p>\n","protected":false},"excerpt":{"rendered":"<p>La alcaldesa de Para\u00edso, Tabasco, Ana Luisa Castellanos, confirm\u00f3 que la refiner\u00eda de Dos Bocas si est\u00e1 inunda, contrario a lo declarado en recientes d\u00edas por la secretaria de Energ\u00eda, Roc\u00edo Nahle Garc\u00eda, quien asegur\u00f3 que las fuertes lluvias no hab\u00edan afectado el megaproyecto impulsado por el presidente Andr\u00e9s Manuel L\u00f3pez Obrador. En entrevista, declar\u00f3 [&hellip;]<\/p>\n","protected":false},"author":4,"featured_media":15150,"comment_status":"open","ping_status":"open","sticky":false,"template":"","format":"standard","meta":{"om_disable_all_campaigns":false,"_monsterinsights_skip_tracking":false,"_monsterinsights_sitenote_active":false,"_monsterinsights_sitenote_note":"","_monsterinsights_sitenote_category":0,"footnotes":""},"categories":[176],"tags":[],"class_list":["post-15149","post","type-post","status-publish","format-standard","has-post-thumbnail","hentry","category-nacional"],"amp_enabled":true,"_links":{"self":[{"href":"https:\/\/lahora.mx\/index.php\/wp-json\/wp\/v2\/posts\/15149","targetHints":{"allow":["GET"]}}],"collection":[{"href":"https:\/\/lahora.mx\/index.php\/wp-json\/wp\/v2\/posts"}],"about":[{"href":"https:\/\/lahora.mx\/index.php\/wp-json\/wp\/v2\/types\/post"}],"author":[{"embeddable":true,"href":"https:\/\/lahora.mx\/index.php\/wp-json\/wp\/v2\/users\/4"}],"replies":[{"embeddable":true,"href":"https:\/\/lahora.mx\/index.php\/wp-json\/wp\/v2\/comments?post=15149"}],"version-history":[{"count":1,"href":"https:\/\/lahora.mx\/index.php\/wp-json\/wp\/v2\/posts\/15149\/revisions"}],"predecessor-version":[{"id":15151,"href":"https:\/\/lahora.mx\/index.php\/wp-json\/wp\/v2\/posts\/15149\/revisions\/15151"}],"wp:featuredmedia":[{"embeddable":true,"href":"https:\/\/lahora.mx\/index.php\/wp-json\/wp\/v2\/media\/15150"}],"wp:attachment":[{"href":"https:\/\/lahora.mx\/index.php\/wp-json\/wp\/v2\/media?parent=15149"}],"wp:term":[{"taxonomy":"category","embeddable":true,"href":"https:\/\/lahora.mx\/index.php\/wp-json\/wp\/v2\/categories?post=15149"},{"taxonomy":"post_tag","embeddable":true,"href":"https:\/\/lahora.mx\/index.php\/wp-json\/wp\/v2\/tags?post=15149"}],"curies":[{"name":"wp","href":"https:\/\/api.w.org\/{rel}","templated":true}]}}