{"id":15145,"date":"2022-10-21T03:04:27","date_gmt":"2022-10-21T03:04:27","guid":{"rendered":"http:\/\/lahora.mx\/?p=15145"},"modified":"2022-10-21T03:04:51","modified_gmt":"2022-10-21T03:04:51","slug":"avala-congreso-reformas-en-materia-de-verificacion-vehicular-para-prevenir-contingencia-ambiental","status":"publish","type":"post","link":"https:\/\/lahora.mx\/index.php\/2022\/10\/21\/avala-congreso-reformas-en-materia-de-verificacion-vehicular-para-prevenir-contingencia-ambiental\/","title":{"rendered":"Avala Congreso reformas en materia de verificaci\u00f3n vehicular para prevenir contingencia ambiental"},"content":{"rendered":"\n<p>Con la intenci\u00f3n de aplicar medidas preventivas y no reactivas ante el incremento de las emisiones contaminantes del medio ambiente en la entidad, las y los diputados de la LXI Legislatura del Congreso del Estado avalaron, por unanimidad, reformas a diversas disposiciones de la Ley para la Protecci\u00f3n del Ambiente Natural y el Desarrollo Sustentable, de la Ley de Vialidad para el Estado y de la Ley Org\u00e1nica de la Administraci\u00f3n P\u00fablica, todas del estado de Puebla.<\/p>\n\n\n\n<p>En sesi\u00f3n ordinaria las y los diputados discutieron la iniciativa de decreto enviada por el Ejecutivo del Estado a partir de la que se faculta para la elaboraci\u00f3n de programas que permitan cuidar y mejorar la calidad del aire en Puebla y promover la creaci\u00f3n de programas para que todos los veh\u00edculos cuenten con verificaci\u00f3n.<\/p>\n\n\n\n<p>Al hacer uso de la palabra, la diputada Isabel Merlo Talavera, presidenta de la Comisi\u00f3n de Transportes y Movilidad, se\u00f1al\u00f3 que esta iniciativa cuenta con una metodolog\u00eda inclusiva, y parte de su prop\u00f3sito es contribuir a reducir la emisi\u00f3n gases y, por supuesto, mejorar la calidad de vida de las y los poblanos, con este se armoniza la legislaci\u00f3n con las de otros estados.<\/p>\n\n\n\n<figure class=\"wp-block-image size-full\"><img fetchpriority=\"high\" decoding=\"async\" width=\"1014\" height=\"699\" src=\"https:\/\/lahora.mx\/wp-content\/uploads\/2022\/10\/Captura-de-pantalla-2022-10-20-a-las-21.55.57.png\" alt=\"\" class=\"wp-image-15146\" srcset=\"https:\/\/lahora.mx\/wp-content\/uploads\/2022\/10\/Captura-de-pantalla-2022-10-20-a-las-21.55.57.png 1014w, https:\/\/lahora.mx\/wp-content\/uploads\/2022\/10\/Captura-de-pantalla-2022-10-20-a-las-21.55.57-300x207.png 300w, https:\/\/lahora.mx\/wp-content\/uploads\/2022\/10\/Captura-de-pantalla-2022-10-20-a-las-21.55.57-768x529.png 768w\" sizes=\"(max-width: 1014px) 100vw, 1014px\" \/><\/figure>\n\n\n\n<p>Adem\u00e1s, se dota a la Secretar\u00eda de Movilidad de facultades claras para emitir la reglamentaci\u00f3n para los procesos de verificaci\u00f3n de los veh\u00edculos del estado y sus respectivos hologramas, establece con claridad que, en cumplimiento a los acuerdos y convenios de la megal\u00f3polis, los certificados y hologramas emitidos por otras entidades federativas, cuando tambi\u00e9n existan convenidos de coordinaci\u00f3n, ser\u00e1n reconocidos por el estado para que quienes est\u00e9n en tr\u00e1nsito por turismo, negocios o alguna otra circunstancia puedan transitar en la entidad.<\/p>\n\n\n\n<p>Como parte de la discusi\u00f3n, la diputada Guadalupe Leal Rodr\u00edguez, expres\u00f3 que la iniciativa es coincidente con muchos de los objetivos medioambientalistas, por lo que reconoci\u00f3 que se haya mejorado de manera conjunta con el equipo jur\u00eddico en beneficio de las y los poblanos.<\/p>\n\n\n\n<p>Por su parte, la diputada M\u00f3nica Rodr\u00edguez Della Vecchia consider\u00f3 necesario que haya m\u00e1s difusi\u00f3n de estas medidas con la intenci\u00f3n de que las y los poblanos tengan claridad sobre esta reforma.<\/p>\n\n\n\n<p>APRUEBAN REFORMAS EN MATERIA EDUCATIVA<br>En otro momento de la sesi\u00f3n, las y los diputados aprobaron por unanimidad la iniciativa de decreto por la que se reforma la fracci\u00f3n VI del art\u00edculo 33 de la Ley de Educaci\u00f3n del Estado de Puebla.<\/p>\n\n\n\n<p>Al hacer uso de la palabra, la diputada Xel Arianna Hern\u00e1ndez Garc\u00eda, se\u00f1al\u00f3 que la intenci\u00f3n de esta propuesta es establecer a la democracia como parte de las caracter\u00edsticas y finalidades de la educaci\u00f3n media superior.<\/p>\n\n\n\n<p>IMPULSA EXHORTO PARA REALIZAR DIAGN\u00d3STICO SOBRE LA TRATA DE PERSONAS<br>Como parte del orden del d\u00eda, se aprob\u00f3 por unanimidad el Punto de Acuerdo por el que se exhorta a la Comisi\u00f3n Interinstitucional para la Prevenci\u00f3n y Erradicaci\u00f3n de los Delitos de Trata de Personas y para la Protecci\u00f3n y Asistencia de sus V\u00edctimas, a realizar un diagn\u00f3stico sobre la situaci\u00f3n de la Trata de Personas en el Estado, a efecto de garantizar una informaci\u00f3n clara y precisa sobre la situaci\u00f3n actual de este fen\u00f3meno delictivo, que permita desarrollar y reforzar las pol\u00edticas p\u00fablicas para combatir la Trata de Personas en el Estado de Puebla.<\/p>\n\n\n\n<p>EMITEN EXHORTO PARA DIFUNDIR TRABAJO DE GILBERTO BOSQUES SALD\u00cdVAR<br>Adem\u00e1s, las y los diputados aprobaron por unanimidad un exhorto para considerar el ejemplo de Gilberto Bosques Sald\u00edvar en los libros de texto, seg\u00fan expuso la diputada Azucena Rosas Tapia, quien dijo que el llamado es dirigido a la Secretar\u00eda de Educaci\u00f3n P\u00fablica con la intenci\u00f3n de que se contribuya a difundir el ejemplo de vida de las y los h\u00e9roes de M\u00e9xico.<\/p>\n\n\n\n<p>AVALAN DIPUTADAS Y DIPUTADOS EXHORTO A FAVOR DE LA SALUD MENTAL<br>En el Pleno de la LXI Legislatura aprobaron un exhorto por virtud del cual se solicita al Centro Estatal de Salud Mental y dem\u00e1s autoridades involucradas, a que elabore en el marco de sus atribuciones legales y la suficiencia presupuestal, un programa preventivo de atenci\u00f3n psicol\u00f3gica a ni\u00f1as, ni\u00f1os y adolescentes y que asimismo se lleve a cabo en las Escuelas a cargo del Gobierno del Estado.<br>En otro momento de la sesi\u00f3n la Mesa Directiva dio cuenta de la iniciativa de la diputada Nancy Jim\u00e9nez Morales propuso reformas a la Ley de los Derechos de las Ni\u00f1as, Ni\u00f1os y Adolescentes del Estado para contemplar que la obligaci\u00f3n de dar alimentos por parte de quienes ejercen la patria potestad, tutela o guarda y custodia de ni\u00f1as, ni\u00f1os o adolescentes comprende esencialmente la satisfacci\u00f3n de las necesidades de alimentaci\u00f3n saludable, suficiente y de calidad, a trav\u00e9s de una dieta adecuada, nutritiva y equilibrada.<\/p>\n\n\n\n<p>Fue turnado a la Comisi\u00f3n de la Familia y los Derechos de la Ni\u00f1ez para su dictaminaci\u00f3n.<br>Tambi\u00e9n, la Mesa Directiva dio cuenta de la iniciativa de la bancada del Partido Revolucionario Institucional por la que presenta el proyecto de decreto por el que se expide la Ley de Movilidad y Seguridad Vial del Estado para garantizar una movilidad asequible, con condiciones de seguridad vial y accesibilidad.<\/p>\n\n\n\n<p>Fue turnado a Comisiones Unidas de Transportes y Movilidad, Seguridad P\u00fablica y Desarrollo Urbano para su an\u00e1lisis.<\/p>\n","protected":false},"excerpt":{"rendered":"<p>Con la intenci\u00f3n de aplicar medidas preventivas y no reactivas ante el incremento de las emisiones contaminantes del medio ambiente en la entidad, las y los diputados de la LXI Legislatura del Congreso del Estado avalaron, por unanimidad, reformas a diversas disposiciones de la Ley para la Protecci\u00f3n del Ambiente Natural y el Desarrollo Sustentable, [&hellip;]<\/p>\n","protected":false},"author":4,"featured_media":15147,"comment_status":"open","ping_status":"open","sticky":false,"template":"","format":"standard","meta":{"om_disable_all_campaigns":false,"_monsterinsights_skip_tracking":false,"_monsterinsights_sitenote_active":false,"_monsterinsights_sitenote_note":"","_monsterinsights_sitenote_category":0,"footnotes":""},"categories":[175],"tags":[223],"class_list":["post-15145","post","type-post","status-publish","format-standard","has-post-thumbnail","hentry","category-local","tag-puebla"],"amp_enabled":true,"_links":{"self":[{"href":"https:\/\/lahora.mx\/index.php\/wp-json\/wp\/v2\/posts\/15145","targetHints":{"allow":["GET"]}}],"collection":[{"href":"https:\/\/lahora.mx\/index.php\/wp-json\/wp\/v2\/posts"}],"about":[{"href":"https:\/\/lahora.mx\/index.php\/wp-json\/wp\/v2\/types\/post"}],"author":[{"embeddable":true,"href":"https:\/\/lahora.mx\/index.php\/wp-json\/wp\/v2\/users\/4"}],"replies":[{"embeddable":true,"href":"https:\/\/lahora.mx\/index.php\/wp-json\/wp\/v2\/comments?post=15145"}],"version-history":[{"count":2,"href":"https:\/\/lahora.mx\/index.php\/wp-json\/wp\/v2\/posts\/15145\/revisions"}],"predecessor-version":[{"id":15697,"href":"https:\/\/lahora.mx\/index.php\/wp-json\/wp\/v2\/posts\/15145\/revisions\/15697"}],"wp:featuredmedia":[{"embeddable":true,"href":"https:\/\/lahora.mx\/index.php\/wp-json\/wp\/v2\/media\/15147"}],"wp:attachment":[{"href":"https:\/\/lahora.mx\/index.php\/wp-json\/wp\/v2\/media?parent=15145"}],"wp:term":[{"taxonomy":"category","embeddable":true,"href":"https:\/\/lahora.mx\/index.php\/wp-json\/wp\/v2\/categories?post=15145"},{"taxonomy":"post_tag","embeddable":true,"href":"https:\/\/lahora.mx\/index.php\/wp-json\/wp\/v2\/tags?post=15145"}],"curies":[{"name":"wp","href":"https:\/\/api.w.org\/{rel}","templated":true}]}}