{"id":15133,"date":"2022-10-21T01:20:25","date_gmt":"2022-10-21T01:20:25","guid":{"rendered":"http:\/\/lahora.mx\/?p=15133"},"modified":"2022-10-21T01:48:43","modified_gmt":"2022-10-21T01:48:43","slug":"gobierno-de-puebla-niega-las-acusaciones-hechas-por-el-secretario-de-gobernacion-municipal-sera-enviado-a-capacitacion-por-dichos","status":"publish","type":"post","link":"https:\/\/lahora.mx\/index.php\/2022\/10\/21\/gobierno-de-puebla-niega-las-acusaciones-hechas-por-el-secretario-de-gobernacion-municipal-sera-enviado-a-capacitacion-por-dichos\/","title":{"rendered":"Gobierno de Puebla niega  las acusaciones hechas por el Secretario de Gobernaci\u00f3n Municipal, Ser\u00e1 enviado a capacitaci\u00f3n por dichos"},"content":{"rendered":"\n<p><\/p>\n\n\n\n<p>Ante los se\u00f1alamientos que se han realizado en torno a las expresiones hechas por el Secretario de Gobernaci\u00f3n Municipal durante su comparecencia ante regidores, el Ayuntamiento de Puebla manifiesta:<\/p>\n\n\n\n<p>-El Gobierno Municipal lamenta las imprecisiones y declaraciones incorrectas en las que incurri\u00f3 el funcionario municipal.<\/p>\n\n\n\n<p>-Desde el inicio de la administraci\u00f3n, se ha realizado un acercamiento con distintos colectivos, para brindarles acompa\u00f1amiento, con el debido respeto a sus libertades.<\/p>\n\n\n\n<p>-En este sentido, el Ayuntamiento de Puebla rechaza categ\u00f3ricamente que existan personas infiltradas en dichos movimientos sociales.<\/p>\n\n\n\n<p>-Derivado de lo acontecido, la Secretar\u00eda de Igualdad Sustantiva de G\u00e9nero intervendr\u00e1 para sensibilizar en materia de perspectiva de g\u00e9nero y derechos humanos de las mujeres al titular de Gobernaci\u00f3n y al personal de la dependencia que lo requiera.<\/p>\n","protected":false},"excerpt":{"rendered":"<p>Ante los se\u00f1alamientos que se han realizado en torno a las expresiones hechas por el Secretario de Gobernaci\u00f3n Municipal durante su comparecencia ante regidores, el Ayuntamiento de Puebla manifiesta: -El Gobierno Municipal lamenta las imprecisiones y declaraciones incorrectas en las que incurri\u00f3 el funcionario municipal. -Desde el inicio de la administraci\u00f3n, se ha realizado un [&hellip;]<\/p>\n","protected":false},"author":4,"featured_media":15143,"comment_status":"open","ping_status":"open","sticky":false,"template":"","format":"standard","meta":{"om_disable_all_campaigns":false,"_monsterinsights_skip_tracking":false,"_monsterinsights_sitenote_active":false,"_monsterinsights_sitenote_note":"","_monsterinsights_sitenote_category":0,"footnotes":""},"categories":[176],"tags":[223],"class_list":["post-15133","post","type-post","status-publish","format-standard","has-post-thumbnail","hentry","category-nacional","tag-puebla"],"amp_enabled":true,"_links":{"self":[{"href":"https:\/\/lahora.mx\/index.php\/wp-json\/wp\/v2\/posts\/15133","targetHints":{"allow":["GET"]}}],"collection":[{"href":"https:\/\/lahora.mx\/index.php\/wp-json\/wp\/v2\/posts"}],"about":[{"href":"https:\/\/lahora.mx\/index.php\/wp-json\/wp\/v2\/types\/post"}],"author":[{"embeddable":true,"href":"https:\/\/lahora.mx\/index.php\/wp-json\/wp\/v2\/users\/4"}],"replies":[{"embeddable":true,"href":"https:\/\/lahora.mx\/index.php\/wp-json\/wp\/v2\/comments?post=15133"}],"version-history":[{"count":1,"href":"https:\/\/lahora.mx\/index.php\/wp-json\/wp\/v2\/posts\/15133\/revisions"}],"predecessor-version":[{"id":15135,"href":"https:\/\/lahora.mx\/index.php\/wp-json\/wp\/v2\/posts\/15133\/revisions\/15135"}],"wp:featuredmedia":[{"embeddable":true,"href":"https:\/\/lahora.mx\/index.php\/wp-json\/wp\/v2\/media\/15143"}],"wp:attachment":[{"href":"https:\/\/lahora.mx\/index.php\/wp-json\/wp\/v2\/media?parent=15133"}],"wp:term":[{"taxonomy":"category","embeddable":true,"href":"https:\/\/lahora.mx\/index.php\/wp-json\/wp\/v2\/categories?post=15133"},{"taxonomy":"post_tag","embeddable":true,"href":"https:\/\/lahora.mx\/index.php\/wp-json\/wp\/v2\/tags?post=15133"}],"curies":[{"name":"wp","href":"https:\/\/api.w.org\/{rel}","templated":true}]}}