{"id":15117,"date":"2022-10-21T00:47:42","date_gmt":"2022-10-21T00:47:42","guid":{"rendered":"http:\/\/lahora.mx\/?p=15117"},"modified":"2022-10-21T00:47:42","modified_gmt":"2022-10-21T00:47:42","slug":"al-rededor-del-17-de-menores-de-edad-no-no-cuentan-con-esquemas-basicos-de-vacunacion-ops","status":"publish","type":"post","link":"https:\/\/lahora.mx\/index.php\/2022\/10\/21\/al-rededor-del-17-de-menores-de-edad-no-no-cuentan-con-esquemas-basicos-de-vacunacion-ops\/","title":{"rendered":"Al rededor del 17% de menores de edad no no cuentan con esquemas b\u00e1sicos de vacunaci\u00f3n: OPS"},"content":{"rendered":"\n<p>Ante este panorama, el funcionario de la OPS, a\u00f1adi\u00f3 que por lo menos, en M\u00e9xico y en otros pa\u00edses de la regi\u00f3n de las Am\u00e9ricas, hay 19 por ciento de ni\u00f1as y ni\u00f1os que est\u00e1n expuestos a contagiarse de estas enfermedades que son prevenibles porque no est\u00e1n \u201c\u00f3ptimamente vacunados\u201d.<\/p>\n\n\n\n<p>\u201cUstedes ven el n\u00famero de ni\u00f1os que no tienen, aunque sea una vacuna, una dosis en el 2021. Eso representa el 14 % de todos los ni\u00f1os de las Am\u00e9ricas, es la proporci\u00f3n de ni\u00f1os no vacunados absolutamente.<\/p>\n\n\n\n<p>\u201cY ustedes ven que hay pa\u00edses que, por su cantidad de ni\u00f1os, por su cantidad de poblaci\u00f3n y por su tasa de natalidad representan la mayor cantidad en proporci\u00f3n como es M\u00e9xico, como es Brasil, Venezuela, Estados Unidos y Argentina\u201d, detall\u00f3.<\/p>\n\n\n\n<p>Durante el webinar, donde la OPS present\u00f3 el documento \u201cConsejos para verificar informaci\u00f3n sobre vacunas covid-19. Gu\u00eda para periodistas\u201d, Daniel Salas, a\u00f1adi\u00f3 que hasta 2021, hab\u00eda 2.7 millones de ni\u00f1os menores de un a\u00f1o que no recibieron completos sus esquemas b\u00e1sicos de vacunaci\u00f3n.<\/p>\n\n\n\n<p>A\u00f1adi\u00f3 que la aplicaci\u00f3n de los biol\u00f3gicos contra tuberculosis, sarampi\u00f3n, rub\u00e9ola y paperas, tambi\u00e9n presentaron una tendencia a la baja.<\/p>\n\n\n\n<p>\u201cEs decir, un 19.7 por ciento que no recibieron todas sus dosis de vacunas. Estos ni\u00f1os quedan susceptibles a enfermedades severas como la poliomielitis, el t\u00e9tanos, el sarampi\u00f3n y la difteria\u201d, explic\u00f3.<br>Aunque no dio m\u00e1s detalles, con respecto a la poliomielitis, el jefe de inmunizaciones de la OPS, se\u00f1al\u00f3 que existe la posibilidad de que 12 pa\u00edses de la regi\u00f3n de las Am\u00e9ricas presenta un riesgo alto o muy alto de sufrir un brote, por la ca\u00edda de las tasas de vacunaci\u00f3n y considerando el caso registrado de un hombre no vacunado, quien qued\u00f3 paralizado por poliovirus en Estados Unidos el pasado mes de julio.<\/p>\n","protected":false},"excerpt":{"rendered":"<p>Ante este panorama, el funcionario de la OPS, a\u00f1adi\u00f3 que por lo menos, en M\u00e9xico y en otros pa\u00edses de la regi\u00f3n de las Am\u00e9ricas, hay 19 por ciento de ni\u00f1as y ni\u00f1os que est\u00e1n expuestos a contagiarse de estas enfermedades que son prevenibles porque no est\u00e1n \u201c\u00f3ptimamente vacunados\u201d. \u201cUstedes ven el n\u00famero de ni\u00f1os [&hellip;]<\/p>\n","protected":false},"author":4,"featured_media":15118,"comment_status":"open","ping_status":"open","sticky":false,"template":"","format":"standard","meta":{"om_disable_all_campaigns":false,"_monsterinsights_skip_tracking":false,"_monsterinsights_sitenote_active":false,"_monsterinsights_sitenote_note":"","_monsterinsights_sitenote_category":0,"footnotes":""},"categories":[176],"tags":[195],"class_list":["post-15117","post","type-post","status-publish","format-standard","has-post-thumbnail","hentry","category-nacional","tag-principal"],"amp_enabled":true,"_links":{"self":[{"href":"https:\/\/lahora.mx\/index.php\/wp-json\/wp\/v2\/posts\/15117","targetHints":{"allow":["GET"]}}],"collection":[{"href":"https:\/\/lahora.mx\/index.php\/wp-json\/wp\/v2\/posts"}],"about":[{"href":"https:\/\/lahora.mx\/index.php\/wp-json\/wp\/v2\/types\/post"}],"author":[{"embeddable":true,"href":"https:\/\/lahora.mx\/index.php\/wp-json\/wp\/v2\/users\/4"}],"replies":[{"embeddable":true,"href":"https:\/\/lahora.mx\/index.php\/wp-json\/wp\/v2\/comments?post=15117"}],"version-history":[{"count":1,"href":"https:\/\/lahora.mx\/index.php\/wp-json\/wp\/v2\/posts\/15117\/revisions"}],"predecessor-version":[{"id":15119,"href":"https:\/\/lahora.mx\/index.php\/wp-json\/wp\/v2\/posts\/15117\/revisions\/15119"}],"wp:featuredmedia":[{"embeddable":true,"href":"https:\/\/lahora.mx\/index.php\/wp-json\/wp\/v2\/media\/15118"}],"wp:attachment":[{"href":"https:\/\/lahora.mx\/index.php\/wp-json\/wp\/v2\/media?parent=15117"}],"wp:term":[{"taxonomy":"category","embeddable":true,"href":"https:\/\/lahora.mx\/index.php\/wp-json\/wp\/v2\/categories?post=15117"},{"taxonomy":"post_tag","embeddable":true,"href":"https:\/\/lahora.mx\/index.php\/wp-json\/wp\/v2\/tags?post=15117"}],"curies":[{"name":"wp","href":"https:\/\/api.w.org\/{rel}","templated":true}]}}