{"id":15114,"date":"2022-10-21T00:44:42","date_gmt":"2022-10-21T00:44:42","guid":{"rendered":"http:\/\/lahora.mx\/?p=15114"},"modified":"2022-10-21T00:44:43","modified_gmt":"2022-10-21T00:44:43","slug":"no-hay-pretextos-para-la-despenalizacion-del-aborto-en-puebla","status":"publish","type":"post","link":"https:\/\/lahora.mx\/index.php\/2022\/10\/21\/no-hay-pretextos-para-la-despenalizacion-del-aborto-en-puebla\/","title":{"rendered":"No hay pretextos para la despenalizaci\u00f3n del aborto en Puebla"},"content":{"rendered":"\n<p>Tras el amparo que obtuvieron colectivos a favor de la despenalizaci\u00f3n del aborto, la presidenta de la Comisi\u00f3n de Gobernaci\u00f3n en el Congreso del Estado, M\u00f3nica Silva Ruiz, indic\u00f3 que el poder legislativo no tiene pretextos para seguir retrasando la discusi\u00f3n para legislar sobre la Interrupci\u00f3n Legal del Embarazo.<\/p>\n\n\n\n<p>La diputada por el Partido del Trabajo (PT) celebr\u00f3 la decisi\u00f3n de esta autoridad jurisdiccional que proh\u00edbe la criminalizaci\u00f3n de mujeres que decidan interrumpir su embarazo antes de las 12 semanas de gestaci\u00f3n y el personal m\u00e9dico que participe en este procedimiento quir\u00fargico.<\/p>\n\n\n\n<p>Subray\u00f3 que este amparo otorgado a las colectivas feministas est\u00e1 alineado con la sentencia de la Suprema Corte de Justicia de la Naci\u00f3n (SCJN) y solo es cuesti\u00f3n de voluntad pol\u00edtica en el Congreso para que se aprueben las reformas presentadas en la materia.<\/p>\n\n\n\n<p>\u201cEspero que ya no haya ninguna resistencia y que en realidad estemos conscientes que este es un tema de derechos humanos y que seguimos avanzando. Ya un juez de distrito hoy para Puebla determina que lo establecido en nuestro C\u00f3digo Penal es inconstitucional y al final es muy bueno porque va en concordancia con lo que nuestro m\u00e1ximo \u00f3rgano constitucional en el pa\u00eds que es la Suprema Corte ya hab\u00eda determinado desde el a\u00f1o pasado\u201d.<\/p>\n\n\n\n<p>Silva Ruiz enfatiz\u00f3 que seguir\u00e1 empujando para que se apruebe la reforma al C\u00f3digo Penal de Puebla y eliminar la sanci\u00f3n de c\u00e1rcel que actualmente es de un a\u00f1o y establecer que estos procedimientos m\u00e9dicos se realicen en las cl\u00ednicas y hospitales del sector p\u00fablico.<\/p>\n\n\n\n<p>Silva Ruiz se\u00f1al\u00f3 que no se trata \u00fanicamente de eliminar la criminalizaci\u00f3n de las mujeres, hay que hacer una estructura normativa que permita prevenir, atender a las mujeres, incluso acompa\u00f1ar a quienes decidan interrumpir el embarazo.<\/p>\n\n\n\n<p>Precis\u00f3 que ser\u00e1 importante ver lo que las legislaturas pasadas presentaron, y recoci\u00f3 a las anteriores legisladores y legisladores, y se revisar\u00e1n los documentos que presentaron, aunque las iniciativas no se entregaron cuando sali\u00f3 la determinaci\u00f3n de la corte.<\/p>\n\n\n\n<p>M\u00f3nica Silva aclar\u00f3 que no se tiene que consultar nada, los derechos reproductivos no se consultan, se otorgan y se reconocen; los diputados est\u00e1n obligados a garantizarlos, y que la gente pueda ejercerlos en total libertad.<\/p>\n\n\n\n<p>Respecto a la posici\u00f3n del Partido Acci\u00f3n Nacional (PAN), refiri\u00f3 que al Congreso se llega a ser representantes populares y se tiene que velar por los derechos de las personas, y fue el pasado 15 de septiembre cuando todos quienes integran la legislatura juraron guardar, y hacer guardar la constituci\u00f3n, y como la constituci\u00f3n de acuerdo con la Corte, dice que el aborto est\u00e1 legalizado y en los estados se tiene que hacer lo propio, no se ve porqu\u00e9 el PAN no pueda responder al mandato.<\/p>\n","protected":false},"excerpt":{"rendered":"<p>Tras el amparo que obtuvieron colectivos a favor de la despenalizaci\u00f3n del aborto, la presidenta de la Comisi\u00f3n de Gobernaci\u00f3n en el Congreso del Estado, M\u00f3nica Silva Ruiz, indic\u00f3 que el poder legislativo no tiene pretextos para seguir retrasando la discusi\u00f3n para legislar sobre la Interrupci\u00f3n Legal del Embarazo. La diputada por el Partido del [&hellip;]<\/p>\n","protected":false},"author":4,"featured_media":15115,"comment_status":"open","ping_status":"open","sticky":false,"template":"","format":"standard","meta":{"om_disable_all_campaigns":false,"_monsterinsights_skip_tracking":false,"_monsterinsights_sitenote_active":false,"_monsterinsights_sitenote_note":"","_monsterinsights_sitenote_category":0,"footnotes":""},"categories":[175],"tags":[195,223],"class_list":["post-15114","post","type-post","status-publish","format-standard","has-post-thumbnail","hentry","category-local","tag-principal","tag-puebla"],"amp_enabled":true,"_links":{"self":[{"href":"https:\/\/lahora.mx\/index.php\/wp-json\/wp\/v2\/posts\/15114","targetHints":{"allow":["GET"]}}],"collection":[{"href":"https:\/\/lahora.mx\/index.php\/wp-json\/wp\/v2\/posts"}],"about":[{"href":"https:\/\/lahora.mx\/index.php\/wp-json\/wp\/v2\/types\/post"}],"author":[{"embeddable":true,"href":"https:\/\/lahora.mx\/index.php\/wp-json\/wp\/v2\/users\/4"}],"replies":[{"embeddable":true,"href":"https:\/\/lahora.mx\/index.php\/wp-json\/wp\/v2\/comments?post=15114"}],"version-history":[{"count":1,"href":"https:\/\/lahora.mx\/index.php\/wp-json\/wp\/v2\/posts\/15114\/revisions"}],"predecessor-version":[{"id":15116,"href":"https:\/\/lahora.mx\/index.php\/wp-json\/wp\/v2\/posts\/15114\/revisions\/15116"}],"wp:featuredmedia":[{"embeddable":true,"href":"https:\/\/lahora.mx\/index.php\/wp-json\/wp\/v2\/media\/15115"}],"wp:attachment":[{"href":"https:\/\/lahora.mx\/index.php\/wp-json\/wp\/v2\/media?parent=15114"}],"wp:term":[{"taxonomy":"category","embeddable":true,"href":"https:\/\/lahora.mx\/index.php\/wp-json\/wp\/v2\/categories?post=15114"},{"taxonomy":"post_tag","embeddable":true,"href":"https:\/\/lahora.mx\/index.php\/wp-json\/wp\/v2\/tags?post=15114"}],"curies":[{"name":"wp","href":"https:\/\/api.w.org\/{rel}","templated":true}]}}