{"id":15104,"date":"2022-10-20T17:03:07","date_gmt":"2022-10-20T17:03:07","guid":{"rendered":"http:\/\/lahora.mx\/?p=15104"},"modified":"2022-10-20T17:03:08","modified_gmt":"2022-10-20T17:03:08","slug":"voy-a-entregar-la-estafeta-a-quien-va-a-continuar-la-4t-menciona-lopez-obrador","status":"publish","type":"post","link":"https:\/\/lahora.mx\/index.php\/2022\/10\/20\/voy-a-entregar-la-estafeta-a-quien-va-a-continuar-la-4t-menciona-lopez-obrador\/","title":{"rendered":"Voy a entregar la estafeta a quien va a continuar la 4T menciona L\u00f3pez Obrador"},"content":{"rendered":"\n<p>El presidente Andr\u00e9s Manuel L\u00f3pez Obrador sostuvo que est\u00e1 convencido de que en 2024 entregar\u00e1 la Banda presidencial a una persona que continuar\u00e1 con la Cuarta Transformaci\u00f3n.<\/p>\n\n\n\n<p>En conferencia en Palacio Nacional, el mandatario asegur\u00f3 que el proyecto que encabeza a\u00fan debe trabajar y resolver demandas de la sociedad, por lo que, consider\u00f3, su proyecto de naci\u00f3n seguir\u00e1 luego de que deje la Presidencia.<br>Incluso, L\u00f3pez Obrador afirm\u00f3 que, por esa raz\u00f3n, la oposici\u00f3n no regresar\u00e1 al poder.<\/p>\n\n\n\n<p>\u201cEstoy seguro que voy a entregar la estafeta a quien va a continuar, estoy seguro de eso, porque no va a haber marcha atr\u00e1s, ya no van a regresar los corruptos, no les van a funcionar sus campa\u00f1as publicitarias, su guerra sucia, ya se ech\u00f3 a andar este proceso, pero lleva todav\u00eda m\u00e1s tiempo.<br>\u201cNos faltan menos de dos a\u00f1os, pero vamos a hacer todav\u00eda muchas cosas y estoy muy contento porque hay relevo a la vista, eso es una garant\u00eda de que vamos a seguir adelante transformando al pa\u00eds\u201d, manifest\u00f3.<\/p>\n\n\n\n<p>El mandatario reconoci\u00f3 que a pesar de que le restan menos de dos a\u00f1os en el gobierno, continuar\u00e1 con sus labores para resolver y atender pendientes en beneficio de la sociedad.<br>Y es que afirm\u00f3 que hay temas que no se pueden resolver s\u00f3lo en un sexenio, sino que son de mediano y largo plazo.<\/p>\n\n\n\n<p>Por ello, L\u00f3pez Obrador sostuvo que, en el cambio generacional, la Cuarta Transformaci\u00f3n continuar\u00e1<\/p>\n","protected":false},"excerpt":{"rendered":"<p>El presidente Andr\u00e9s Manuel L\u00f3pez Obrador sostuvo que est\u00e1 convencido de que en 2024 entregar\u00e1 la Banda presidencial a una persona que continuar\u00e1 con la Cuarta Transformaci\u00f3n. En conferencia en Palacio Nacional, el mandatario asegur\u00f3 que el proyecto que encabeza a\u00fan debe trabajar y resolver demandas de la sociedad, por lo que, consider\u00f3, su proyecto [&hellip;]<\/p>\n","protected":false},"author":4,"featured_media":15105,"comment_status":"open","ping_status":"open","sticky":false,"template":"","format":"standard","meta":{"om_disable_all_campaigns":false,"_monsterinsights_skip_tracking":false,"_monsterinsights_sitenote_active":false,"_monsterinsights_sitenote_note":"","_monsterinsights_sitenote_category":0,"footnotes":""},"categories":[176],"tags":[],"class_list":["post-15104","post","type-post","status-publish","format-standard","has-post-thumbnail","hentry","category-nacional"],"amp_enabled":true,"_links":{"self":[{"href":"https:\/\/lahora.mx\/index.php\/wp-json\/wp\/v2\/posts\/15104","targetHints":{"allow":["GET"]}}],"collection":[{"href":"https:\/\/lahora.mx\/index.php\/wp-json\/wp\/v2\/posts"}],"about":[{"href":"https:\/\/lahora.mx\/index.php\/wp-json\/wp\/v2\/types\/post"}],"author":[{"embeddable":true,"href":"https:\/\/lahora.mx\/index.php\/wp-json\/wp\/v2\/users\/4"}],"replies":[{"embeddable":true,"href":"https:\/\/lahora.mx\/index.php\/wp-json\/wp\/v2\/comments?post=15104"}],"version-history":[{"count":1,"href":"https:\/\/lahora.mx\/index.php\/wp-json\/wp\/v2\/posts\/15104\/revisions"}],"predecessor-version":[{"id":15106,"href":"https:\/\/lahora.mx\/index.php\/wp-json\/wp\/v2\/posts\/15104\/revisions\/15106"}],"wp:featuredmedia":[{"embeddable":true,"href":"https:\/\/lahora.mx\/index.php\/wp-json\/wp\/v2\/media\/15105"}],"wp:attachment":[{"href":"https:\/\/lahora.mx\/index.php\/wp-json\/wp\/v2\/media?parent=15104"}],"wp:term":[{"taxonomy":"category","embeddable":true,"href":"https:\/\/lahora.mx\/index.php\/wp-json\/wp\/v2\/categories?post=15104"},{"taxonomy":"post_tag","embeddable":true,"href":"https:\/\/lahora.mx\/index.php\/wp-json\/wp\/v2\/tags?post=15104"}],"curies":[{"name":"wp","href":"https:\/\/api.w.org\/{rel}","templated":true}]}}