{"id":15099,"date":"2022-10-20T16:52:50","date_gmt":"2022-10-20T16:52:50","guid":{"rendered":"http:\/\/lahora.mx\/?p=15099"},"modified":"2022-10-20T16:57:35","modified_gmt":"2022-10-20T16:57:35","slug":"ante-la-amenaza-de-nueva-de-ola-de-covid-unam-llama-a-seguir-usando-cubrebocas","status":"publish","type":"post","link":"https:\/\/lahora.mx\/index.php\/2022\/10\/20\/ante-la-amenaza-de-nueva-de-ola-de-covid-unam-llama-a-seguir-usando-cubrebocas\/","title":{"rendered":"Ante la amenaza de nueva de ola de COVID UNAM llama a seguir usando cubrebocas"},"content":{"rendered":"\n<p>Los casos por COVID-19 en M\u00e9xico podr\u00edan incrementarse a medida que el pa\u00eds entra en la temporada invernal, periodo en el que se presentan m\u00e1s de 300 virus respiratorios, de acuerdo con la Secretar\u00eda de Salud.<\/p>\n\n\n\n<p>Las olas recientes de COVID en Europa y Estados Unidos alertan a M\u00e9xico sobre un nuevo brote, mismo que podr\u00eda disminuir si las personas siguen atendiendo las medidas sanitarias correspondientes.<br>Preocupa que las autoridades mexicanas hayan modificado los lineamientos sanitarios declarando que el uso de cubrebocas en espacios cerrados ya no es obligatorio. Especialistas de la UNAM recomiendan continuar utilizando las mascarillas al realizar actividades en espacios cerrados.<\/p>\n\n\n\n<p>Medidas de prevenci\u00f3n<br>Al uso estricto y responsable de cubrebocas, se suman las siguientes medidas que la UNAM recomienda para evitar que otro brote de coronavirus sea de alto impacto:<\/p>\n\n\n\n<p>\u00bfAdi\u00f3s tiendas f\u00edsicas? Ventas en l\u00ednea y COVID \u2018pausan\u2019 apertura de comercios<br>El e-commerce de Walmart pas\u00f3 de aportar el 2 al 5 por ciento de sus ventas.<br>Completar el esquema de vacunaci\u00f3n. Es indispensable que todas las personas mayores de 60 a\u00f1os, as\u00ed como los de m\u00e1s de 18 con alguna enfermedad predisponente y todo el personal de salud tengan dos refuerzos de la vacuna contra COVID. Para las personas mayores de 18 a\u00f1os que no tengan enfermedades predisponentes se recomeinda que cuenten con un refuerzo adicional a su primer esquema, sin importar cu\u00e1l o cu\u00e1les vacunas hayan recibido.<br>Ventilar de manera permanente lugares cerrados. Es necesario mantener los lugares ventilados, abrir puertas y ventanas.<br>Higiene individual. El lavado de manos, uso de gel, estornudo de etiqueta y limpieza de instalaciones, son medidas indispensables para prevenir infecciones y contagios.<br>Evitar salir de casa si se tiene s\u00edntomas. Ante la presencia de s\u00edntomas de enfermedad respiratoria, se debe evitar acudir a sitios de trabajo, estudio o esparcimiento, y suspender viajes, para reducir el riesgo de contagios. En estos casos de debe buscar un diagn\u00f3stico m\u00e9dico, y en caso de confirmar que sea COVID-19, se debe guardar aislamiento m\u00ednimo siete d\u00edas a partir del inicio de s\u00edntomas o la primera prueba diagn\u00f3stica positiva<br>No automedicarse. Ante cualquier s\u00edntoma de enfermedad respiratoria es importante buscar de inmediato un diagn\u00f3stico m\u00e9dico y seguir el tratamiento que los especialistas dictaminen.<\/p>\n","protected":false},"excerpt":{"rendered":"<p>Los casos por COVID-19 en M\u00e9xico podr\u00edan incrementarse a medida que el pa\u00eds entra en la temporada invernal, periodo en el que se presentan m\u00e1s de 300 virus respiratorios, de acuerdo con la Secretar\u00eda de Salud. Las olas recientes de COVID en Europa y Estados Unidos alertan a M\u00e9xico sobre un nuevo brote, mismo que [&hellip;]<\/p>\n","protected":false},"author":4,"featured_media":15100,"comment_status":"open","ping_status":"open","sticky":false,"template":"","format":"standard","meta":{"om_disable_all_campaigns":false,"_monsterinsights_skip_tracking":false,"_monsterinsights_sitenote_active":false,"_monsterinsights_sitenote_note":"","_monsterinsights_sitenote_category":0,"footnotes":""},"categories":[176],"tags":[],"class_list":["post-15099","post","type-post","status-publish","format-standard","has-post-thumbnail","hentry","category-nacional"],"amp_enabled":true,"_links":{"self":[{"href":"https:\/\/lahora.mx\/index.php\/wp-json\/wp\/v2\/posts\/15099","targetHints":{"allow":["GET"]}}],"collection":[{"href":"https:\/\/lahora.mx\/index.php\/wp-json\/wp\/v2\/posts"}],"about":[{"href":"https:\/\/lahora.mx\/index.php\/wp-json\/wp\/v2\/types\/post"}],"author":[{"embeddable":true,"href":"https:\/\/lahora.mx\/index.php\/wp-json\/wp\/v2\/users\/4"}],"replies":[{"embeddable":true,"href":"https:\/\/lahora.mx\/index.php\/wp-json\/wp\/v2\/comments?post=15099"}],"version-history":[{"count":2,"href":"https:\/\/lahora.mx\/index.php\/wp-json\/wp\/v2\/posts\/15099\/revisions"}],"predecessor-version":[{"id":15102,"href":"https:\/\/lahora.mx\/index.php\/wp-json\/wp\/v2\/posts\/15099\/revisions\/15102"}],"wp:featuredmedia":[{"embeddable":true,"href":"https:\/\/lahora.mx\/index.php\/wp-json\/wp\/v2\/media\/15100"}],"wp:attachment":[{"href":"https:\/\/lahora.mx\/index.php\/wp-json\/wp\/v2\/media?parent=15099"}],"wp:term":[{"taxonomy":"category","embeddable":true,"href":"https:\/\/lahora.mx\/index.php\/wp-json\/wp\/v2\/categories?post=15099"},{"taxonomy":"post_tag","embeddable":true,"href":"https:\/\/lahora.mx\/index.php\/wp-json\/wp\/v2\/tags?post=15099"}],"curies":[{"name":"wp","href":"https:\/\/api.w.org\/{rel}","templated":true}]}}