{"id":15090,"date":"2022-10-20T16:31:33","date_gmt":"2022-10-20T16:31:33","guid":{"rendered":"http:\/\/lahora.mx\/?p=15090"},"modified":"2022-10-20T16:31:42","modified_gmt":"2022-10-20T16:31:42","slug":"adan-augusto-llegara-al-congreso-local-para-abordar-reformas-de-la-guardia-nacional","status":"publish","type":"post","link":"https:\/\/lahora.mx\/index.php\/2022\/10\/20\/adan-augusto-llegara-al-congreso-local-para-abordar-reformas-de-la-guardia-nacional\/","title":{"rendered":"Ad\u00e1n Augusto llegara al Congreso local para abordar reformas de la Guardia Nacional"},"content":{"rendered":"\n<p>El secretario de Gobernaci\u00f3n Federal, Ad\u00e1n Augusto L\u00f3pez Hern\u00e1ndez visitar\u00e1 Puebla el pr\u00f3ximo viernes, a fin de sostener una reuni\u00f3n con los diputados locales en busca de la aprobaci\u00f3n de las reformas constitucionales de la Guardia Nacional, revel\u00f3 el presidente de la Comisi\u00f3n de Seguridad, Roberto Sol\u00eds Valles.<br><br>El presidente de la Junta de Gobierno y Coordinaci\u00f3n Pol\u00edtica, Sergio Salom\u00f3n C\u00e9spedes Peregrina inform\u00f3 que ya fueron recibidas las reformas, por lo que este d\u00eda se ingresar\u00e1n de manera formal para turnarlas a la Comisi\u00f3n de Gobernaci\u00f3n y Puntos Constitucionales, por lo que s\u00e9 comenzar\u00e1 a trabajarlas<br>Respecto al tema, Roberto Sol\u00eds Valles inform\u00f3 que se tiene previsto que la ma\u00f1ana de este viernes cuando el secretario de Gobernaci\u00f3n, Ad\u00e1n Augusto L\u00f3pez sostenga una reuni\u00f3n con los legisladores para tratar el tema de las reformas.<\/p>\n\n\n\n<p>En este sentido a\u00f1adi\u00f3 que tambi\u00e9n se contempla que se pueda contar con la asistencia del gobernador Miguel Barbosa Huerta dentro de esa reuni\u00f3n, a falta de que se pueda confirmar en su totalidad.<\/p>\n\n\n\n<p>Sol\u00eds Valles tambi\u00e9n indic\u00f3 que se tiene la posibilidad de que el mismo viernes se pueda sesionar en el Pleno, a fin de que se discutan las reformas y se pueda proceder con su aprobaci\u00f3n.<br>Cabe mencionar que en el Congreso de la Uni\u00f3n aprob\u00f3 en d\u00edas pasados distintas reformas relacionadas a la operaci\u00f3n de la Guardia Nacional as\u00ed como la extensi\u00f3n de su per\u00edodo en tareas de seguridad p\u00fablica, siendo enviadas a los congresos locales para que tambi\u00e9n las aprueben.<\/p>\n","protected":false},"excerpt":{"rendered":"<p>El secretario de Gobernaci\u00f3n Federal, Ad\u00e1n Augusto L\u00f3pez Hern\u00e1ndez visitar\u00e1 Puebla el pr\u00f3ximo viernes, a fin de sostener una reuni\u00f3n con los diputados locales en busca de la aprobaci\u00f3n de las reformas constitucionales de la Guardia Nacional, revel\u00f3 el presidente de la Comisi\u00f3n de Seguridad, Roberto Sol\u00eds Valles. El presidente de la Junta de Gobierno [&hellip;]<\/p>\n","protected":false},"author":4,"featured_media":15091,"comment_status":"open","ping_status":"open","sticky":false,"template":"","format":"standard","meta":{"om_disable_all_campaigns":false,"_monsterinsights_skip_tracking":false,"_monsterinsights_sitenote_active":false,"_monsterinsights_sitenote_note":"","_monsterinsights_sitenote_category":0,"footnotes":""},"categories":[175],"tags":[223],"class_list":["post-15090","post","type-post","status-publish","format-standard","has-post-thumbnail","hentry","category-local","tag-puebla"],"amp_enabled":true,"_links":{"self":[{"href":"https:\/\/lahora.mx\/index.php\/wp-json\/wp\/v2\/posts\/15090","targetHints":{"allow":["GET"]}}],"collection":[{"href":"https:\/\/lahora.mx\/index.php\/wp-json\/wp\/v2\/posts"}],"about":[{"href":"https:\/\/lahora.mx\/index.php\/wp-json\/wp\/v2\/types\/post"}],"author":[{"embeddable":true,"href":"https:\/\/lahora.mx\/index.php\/wp-json\/wp\/v2\/users\/4"}],"replies":[{"embeddable":true,"href":"https:\/\/lahora.mx\/index.php\/wp-json\/wp\/v2\/comments?post=15090"}],"version-history":[{"count":2,"href":"https:\/\/lahora.mx\/index.php\/wp-json\/wp\/v2\/posts\/15090\/revisions"}],"predecessor-version":[{"id":15696,"href":"https:\/\/lahora.mx\/index.php\/wp-json\/wp\/v2\/posts\/15090\/revisions\/15696"}],"wp:featuredmedia":[{"embeddable":true,"href":"https:\/\/lahora.mx\/index.php\/wp-json\/wp\/v2\/media\/15091"}],"wp:attachment":[{"href":"https:\/\/lahora.mx\/index.php\/wp-json\/wp\/v2\/media?parent=15090"}],"wp:term":[{"taxonomy":"category","embeddable":true,"href":"https:\/\/lahora.mx\/index.php\/wp-json\/wp\/v2\/categories?post=15090"},{"taxonomy":"post_tag","embeddable":true,"href":"https:\/\/lahora.mx\/index.php\/wp-json\/wp\/v2\/tags?post=15090"}],"curies":[{"name":"wp","href":"https:\/\/api.w.org\/{rel}","templated":true}]}}