{"id":15087,"date":"2022-10-20T15:17:58","date_gmt":"2022-10-20T15:17:58","guid":{"rendered":"http:\/\/lahora.mx\/?p=15087"},"modified":"2022-10-20T15:17:59","modified_gmt":"2022-10-20T15:17:59","slug":"tras-volcadura-en-carretera-muere-regidor-de-obra-publica-de-atenco","status":"publish","type":"post","link":"https:\/\/lahora.mx\/index.php\/2022\/10\/20\/tras-volcadura-en-carretera-muere-regidor-de-obra-publica-de-atenco\/","title":{"rendered":"Tras volcadura en carretera muere regidor de obra P\u00fablica de Atenco"},"content":{"rendered":"\n<p>Tras sufrir un accidente vehicular y a pesar de que fue llevado a un nosocomio de Ciudad Serd\u00e1n, el regidor de Obra P\u00fablica del municipio de San Juan Atenco falleci\u00f3 debido a los m\u00faltiples golpes que sufri\u00f3 durante el hecho de tr\u00e1nsito.<\/p>\n\n\n\n<p>Se tiene conocimiento que Adalberto de la Luz Donado, circulaba en su autom\u00f3vil en la carretera estatal Ocotepec-Atenco, sin embargo algo lo hizo perder el control del volante y volcar, por lo que sali\u00f3 disparado hacia la carpeta asf\u00e1ltica.<\/p>\n\n\n\n<p>Tras el accidente del cual se percataron otros automovilistas, se dio aviso a los cuerpos de emergencia por lo que socorristas de la regi\u00f3n se trasladaron al punto, atendieron al joven de 20 a\u00f1os de edad y lo llevaron a un hospital de Ciudad Serd\u00e1n.<\/p>\n\n\n\n<p>A pesar del esfuerzo de los m\u00e9dicos, el d\u00eda 19 de octubre se inform\u00f3 el deceso de Adalberto de la Luz Donado, originario de Santa Cruz Coyotepec.<\/p>\n\n\n\n<p>Ayuntamiento de Atenco lamenta muerte de regidor<br>Tras la muerte del regidor, el Ayuntamiento de San Juan Atenco lament\u00f3 la p\u00e9rdida del var\u00f3n y public\u00f3 una esquela.<br>\u00abCuando la audacia, valent\u00eda y metas son grandes, el andar se vuelve un sue\u00f1o, y en el sue\u00f1o radica la alegr\u00eda del mismo vivir. Gracias por tu presencia, compa\u00f1\u00eda, apoyo y alegr\u00eda, que tu camino hacia la luz sea tan alegre como tu presencia en este plano\u201d, son las palabras que utilizaron para despedirse del joven.<\/p>\n\n\n\n<p>Incluso en redes sociales, otros colegas del joven compartieron fotograf\u00edas de diversos momentos alegres que compartieron con Adalberto.<\/p>\n\n\n\n<p>\u201cEs una pena enterarme de esta lamentable noticia. En las ocasiones que lo trat\u00e9, siempre muy amable, atento y servicial. Descanse en paz regidor Adalberto de la Luz Donado. Un fuerte abrazo a la familia y a sus compa\u00f1eros de trabajo del Ayuntamiento de San Juan Atenco\u201d, comparti\u00f3 una joven en su muro de Facebook.<\/p>\n","protected":false},"excerpt":{"rendered":"<p>Tras sufrir un accidente vehicular y a pesar de que fue llevado a un nosocomio de Ciudad Serd\u00e1n, el regidor de Obra P\u00fablica del municipio de San Juan Atenco falleci\u00f3 debido a los m\u00faltiples golpes que sufri\u00f3 durante el hecho de tr\u00e1nsito. Se tiene conocimiento que Adalberto de la Luz Donado, circulaba en su autom\u00f3vil [&hellip;]<\/p>\n","protected":false},"author":4,"featured_media":15088,"comment_status":"open","ping_status":"open","sticky":false,"template":"","format":"standard","meta":{"om_disable_all_campaigns":false,"_monsterinsights_skip_tracking":false,"_monsterinsights_sitenote_active":false,"_monsterinsights_sitenote_note":"","_monsterinsights_sitenote_category":0,"footnotes":""},"categories":[175],"tags":[223],"class_list":["post-15087","post","type-post","status-publish","format-standard","has-post-thumbnail","hentry","category-local","tag-puebla"],"amp_enabled":true,"_links":{"self":[{"href":"https:\/\/lahora.mx\/index.php\/wp-json\/wp\/v2\/posts\/15087","targetHints":{"allow":["GET"]}}],"collection":[{"href":"https:\/\/lahora.mx\/index.php\/wp-json\/wp\/v2\/posts"}],"about":[{"href":"https:\/\/lahora.mx\/index.php\/wp-json\/wp\/v2\/types\/post"}],"author":[{"embeddable":true,"href":"https:\/\/lahora.mx\/index.php\/wp-json\/wp\/v2\/users\/4"}],"replies":[{"embeddable":true,"href":"https:\/\/lahora.mx\/index.php\/wp-json\/wp\/v2\/comments?post=15087"}],"version-history":[{"count":1,"href":"https:\/\/lahora.mx\/index.php\/wp-json\/wp\/v2\/posts\/15087\/revisions"}],"predecessor-version":[{"id":15089,"href":"https:\/\/lahora.mx\/index.php\/wp-json\/wp\/v2\/posts\/15087\/revisions\/15089"}],"wp:featuredmedia":[{"embeddable":true,"href":"https:\/\/lahora.mx\/index.php\/wp-json\/wp\/v2\/media\/15088"}],"wp:attachment":[{"href":"https:\/\/lahora.mx\/index.php\/wp-json\/wp\/v2\/media?parent=15087"}],"wp:term":[{"taxonomy":"category","embeddable":true,"href":"https:\/\/lahora.mx\/index.php\/wp-json\/wp\/v2\/categories?post=15087"},{"taxonomy":"post_tag","embeddable":true,"href":"https:\/\/lahora.mx\/index.php\/wp-json\/wp\/v2\/tags?post=15087"}],"curies":[{"name":"wp","href":"https:\/\/api.w.org\/{rel}","templated":true}]}}